{"id":198589,"date":"2022-05-06T14:06:51","date_gmt":"2022-05-06T17:06:51","guid":{"rendered":"https:\/\/diarioregionaldigital.com.br\/?p=198589"},"modified":"2022-05-06T14:06:51","modified_gmt":"2022-05-06T17:06:51","slug":"unimontes-recebe-inscricoes-para-cursinho-popular","status":"publish","type":"post","link":"https:\/\/diarioregionaldigital.com.br\/?p=198589","title":{"rendered":"Unimontes recebe inscri\u00e7\u00f5es para cursinho popular"},"content":{"rendered":"<p>Est\u00e3o abertas para egressos de escolas\u00a0p\u00fablicas\u00a0as inscri\u00e7\u00f5es para ingresso no Cursinho Popular Darcy Ribeiro, projeto de ensino da\u00a0<a href=\"https:\/\/unimontes.br\/\" target=\"_blank\" rel=\"noopener noreferrer\" data-auth=\"NotApplicable\" data-linkindex=\"0\">Universidade Estadual de Montes Claros (Unimontes)<\/a>, que faz parte da Rede Emancipa \u2013 Movimento Social de Educa\u00e7\u00e3o Popular.\u00a0A iniciativa\u00a0prepara candidatos para o ingresso nas institui\u00e7\u00f5es de ensino superior, para os testes do Exame Nacional do\u00a0Ensino M\u00e9dio (Enem) e atua para fortalecer a alfabetiza\u00e7\u00e3o de adultos que vivem em situa\u00e7\u00f5es de vulnerabilidade socioecon\u00f4mica.<\/p>\n<p>A aula inaugural est\u00e1 marcada para\u00a0s\u00e1bado (7\/5), na Escola Estadual Arm\u00eanio Veloso\u00a0(Rua\u00a0Wolfr\u00e2nio, 192, bairro Lourdes). As inscri\u00e7\u00f5es foram abertas\u00a0em\u00a028\/4 e ficam dispon\u00edveis durante todo o ano letivo. As aulas s\u00e3o semanais, aos s\u00e1bados pela manh\u00e3, de 8hs \u00e0s 12h.<\/p>\n<p>As inscri\u00e7\u00f5es devem ser feitas por meio\u00a0<a href=\"https:\/\/docs.google.com\/forms\/d\/e\/1FAIpQLSc0BSamuL4i5XoXUUfc_zI_atDlow5oKZ_e-dGj9abTfAnpWg\/viewform\" target=\"_blank\" rel=\"noopener\">deste link<\/a>. Para confirmar a inscri\u00e7\u00e3o e a vaga, \u00e9 necess\u00e1rio comparecer \u00e0 Aula Inaugural do cursinho, que funciona no s\u00e1bado de 8h \u00e0s 12h e 14h \u00e0s 18h.\u00a0Mais informa\u00e7\u00f5es:\u00a0Wendy Melissa: (38) 98808-3554.<br aria-hidden=\"true\" \/><br aria-hidden=\"true\" \/><strong>Cursinho<\/strong><\/p>\n<p>De acordo com a coordenadora geral do Cursinho Darcy Ribeiro, professora doutora do Departamento de Hist\u00f3ria da Unimontes, B\u00e1rbara Souto, o\u00a0cursinho \u00e9 aberto ao p\u00fablico, sem limite de vagas.<\/p>\n<p>\u201cO Cursinho Popular \u00e9 um movimento social de educa\u00e7\u00e3o vinculado \u00e0 Rede Emancipa, que atua em todo o pa\u00eds. Atendemos estudantes matriculados no Ensino M\u00e9dio e pessoas que j\u00e1 conclu\u00edram o Ensino M\u00e9dio (de qualquer idade)\u201d, destaca a coordenadora.<\/p>\n<p>O CP Darcy Ribeiro existe em Montes Claros desde 2013 e foi fundado por estudantes universit\u00e1rios. Desde 2020 tem v\u00ednculo com a Unimontes, a partir da aprova\u00e7\u00e3o do Cursinho como projeto de ensino. Vale destacar ainda que a equipe \u00e9 composta por volunt\u00e1rios, a maioria acad\u00eamicos da Unimontes.<\/p>\n<p>Fonte: Ag\u00eancia Minas<\/p>\n","protected":false},"excerpt":{"rendered":"<p>Est\u00e3o abertas para egressos de escolas\u00a0p\u00fablicas\u00a0as inscri\u00e7\u00f5es para ingresso no Cursinho Popular Darcy Ribeiro, projeto de ensino da\u00a0Universidade Estadual de Montes Claros (Unimontes), que faz parte da Rede Emancipa \u2013 Movimento Social de Educa\u00e7\u00e3o Popular.\u00a0A iniciativa\u00a0prepara candidatos para o ingresso nas institui\u00e7\u00f5es de ensino superior, para os testes do Exame Nacional do\u00a0Ensino M\u00e9dio (Enem) e [&hellip;]<\/p>\n","protected":false},"author":246,"featured_media":198590,"comment_status":"closed","ping_status":"closed","sticky":false,"template":"","format":"standard","meta":{"footnotes":""},"categories":[436,254,439],"tags":[],"class_list":["post-198589","post","type-post","status-publish","format-standard","has-post-thumbnail","hentry","category-destaque-da-semana","category-politica","category-ultima-hora"],"_links":{"self":[{"href":"https:\/\/diarioregionaldigital.com.br\/index.php?rest_route=\/wp\/v2\/posts\/198589","targetHints":{"allow":["GET"]}}],"collection":[{"href":"https:\/\/diarioregionaldigital.com.br\/index.php?rest_route=\/wp\/v2\/posts"}],"about":[{"href":"https:\/\/diarioregionaldigital.com.br\/index.php?rest_route=\/wp\/v2\/types\/post"}],"author":[{"embeddable":true,"href":"https:\/\/diarioregionaldigital.com.br\/index.php?rest_route=\/wp\/v2\/users\/246"}],"replies":[{"embeddable":true,"href":"https:\/\/diarioregionaldigital.com.br\/index.php?rest_route=%2Fwp%2Fv2%2Fcomments&post=198589"}],"version-history":[{"count":1,"href":"https:\/\/diarioregionaldigital.com.br\/index.php?rest_route=\/wp\/v2\/posts\/198589\/revisions"}],"predecessor-version":[{"id":198591,"href":"https:\/\/diarioregionaldigital.com.br\/index.php?rest_route=\/wp\/v2\/posts\/198589\/revisions\/198591"}],"wp:featuredmedia":[{"embeddable":true,"href":"https:\/\/diarioregionaldigital.com.br\/index.php?rest_route=\/wp\/v2\/media\/198590"}],"wp:attachment":[{"href":"https:\/\/diarioregionaldigital.com.br\/index.php?rest_route=%2Fwp%2Fv2%2Fmedia&parent=198589"}],"wp:term":[{"taxonomy":"category","embeddable":true,"href":"https:\/\/diarioregionaldigital.com.br\/index.php?rest_route=%2Fwp%2Fv2%2Fcategories&post=198589"},{"taxonomy":"post_tag","embeddable":true,"href":"https:\/\/diarioregionaldigital.com.br\/index.php?rest_route=%2Fwp%2Fv2%2Ftags&post=198589"}],"curies":[{"name":"wp","href":"https:\/\/api.w.org\/{rel}","templated":true}]}}