{"id":198585,"date":"2022-05-06T14:04:50","date_gmt":"2022-05-06T17:04:50","guid":{"rendered":"https:\/\/diarioregionaldigital.com.br\/?p=198585"},"modified":"2022-05-06T14:04:50","modified_gmt":"2022-05-06T17:04:50","slug":"escola-em-resende-costa-no-campo-das-vertentes-recebe-novos-computadores","status":"publish","type":"post","link":"https:\/\/diarioregionaldigital.com.br\/?p=198585","title":{"rendered":"Escola em Resende Costa, no Campo das Vertentes, recebe novos computadores"},"content":{"rendered":"<p>O governador Romeu Zema acompanhou, nesta quinta-feira (5\/5), na Escola Estadual Assis Resende, no munic\u00edpio de Resende Costa, no Campo das Vertentes, a entrega de 38 computadores para uso dos alunos e funcion\u00e1rios. O\u00a0<a href=\"http:\/\/www.mg.gov.br\/\" target=\"_blank\" rel=\"noopener\">Governo de Minas<\/a>\u00a0investiu R$ 177,9 mil na compra dos equipamentos.<\/p>\n<p>A a\u00e7\u00e3o faz parte do programa de renova\u00e7\u00e3o e moderniza\u00e7\u00e3o do parque tecnol\u00f3gico do Estado. Para a Superintend\u00eancia Regional de Ensino (SRE)\u00a0de S\u00e3o Jo\u00e3o del-Rei, ser\u00e3o direcionados R$ 5,8 milh\u00f5es para 1.257 equipamentos.<\/p>\n<p>Em todo o estado, ser\u00e3o R$ 413 milh\u00f5es para a aquisi\u00e7\u00e3o de 89 mil equipamentos, como computadores, desktop e notebooks. Este \u00e9 o maior investimento da hist\u00f3ria do Estado na moderniza\u00e7\u00e3o do parque tecnol\u00f3gico das escolas.<\/p>\n<p><strong>Visita<\/strong><\/p>\n<p>Zema conheceu diversas depend\u00eancias da institui\u00e7\u00e3o de ensino, como o laborat\u00f3rio de inform\u00e1tica, cantina, sala dos professores e da supervis\u00e3o.<\/p>\n<p>Ao visitar o laborat\u00f3rio juntamente com a diretora da escola Roseni Maria Fernandes, Zema teve a oportunidade de conhecer os novos equipamentos. \u201c\u00c9 gratificante saber que os alunos podem contar com computadores modernos para auxiliar aos estudos\u201d, afirmou.<\/p>\n<p><strong>M\u00e3os \u00e0 obra\u00a0\u00a0<\/strong><\/p>\n<p>A escola tamb\u00e9m foi contemplada pelo programa M\u00e3os \u00e0 Obra, que destina recursos para realiza\u00e7\u00e3o de reformas e melhorias. A unidade de ensino recebeu o repasse de R$ 300 mil para a realiza\u00e7\u00e3o de obra para a reforma do pr\u00e9dio e interven\u00e7\u00e3o na cozinha visando atender os crit\u00e9rios da Ag\u00eancia Nacional de Vigil\u00e2ncia Sanit\u00e1ria (Anvisa).<\/p>\n<p>O governador conheceu as novas instala\u00e7\u00f5es da cozinha e conversou com as cantineiras, que confirmaram que a merenda passou por uma verdadeira revolu\u00e7\u00e3o. As cozinheiras explicaram que, hoje, o card\u00e1pio \u00e9 composto por estrogonofe, feij\u00e3o tropeiro e canja de galinha, por exemplo.<\/p>\n<p>\u201cNada melhor do que escutar diretamente do funcion\u00e1rio que a merenda melhorou. Uma das maiores queixas dos alunos, professores e diretores era a p\u00e9ssima qualidade do que era oferecido. Hoje, os alunos contam com merenda de qualidade\u201d, disse.<\/p>\n<p><strong>Mobili\u00e1rio<\/strong><\/p>\n<p>O Governo de Minas tamb\u00e9m investiu na escola R$ 258 mil na compra de mobili\u00e1rios, equipamentos e carteiras de professores e alunos. A escola conta com 730 alunos dos ensinos fundamental, m\u00e9dio e da Educa\u00e7\u00e3o de Jovens e Adultos (EJA).<\/p>\n<p>Fonte: Ag\u00eancia Minas<\/p>\n","protected":false},"excerpt":{"rendered":"<p>O governador Romeu Zema acompanhou, nesta quinta-feira (5\/5), na Escola Estadual Assis Resende, no munic\u00edpio de Resende Costa, no Campo das Vertentes, a entrega de 38 computadores para uso dos alunos e funcion\u00e1rios. O\u00a0Governo de Minas\u00a0investiu R$ 177,9 mil na compra dos equipamentos. A a\u00e7\u00e3o faz parte do programa de renova\u00e7\u00e3o e moderniza\u00e7\u00e3o do parque [&hellip;]<\/p>\n","protected":false},"author":246,"featured_media":198586,"comment_status":"closed","ping_status":"closed","sticky":false,"template":"","format":"standard","meta":{"footnotes":""},"categories":[436,254,439],"tags":[],"class_list":["post-198585","post","type-post","status-publish","format-standard","has-post-thumbnail","hentry","category-destaque-da-semana","category-politica","category-ultima-hora"],"_links":{"self":[{"href":"https:\/\/diarioregionaldigital.com.br\/index.php?rest_route=\/wp\/v2\/posts\/198585","targetHints":{"allow":["GET"]}}],"collection":[{"href":"https:\/\/diarioregionaldigital.com.br\/index.php?rest_route=\/wp\/v2\/posts"}],"about":[{"href":"https:\/\/diarioregionaldigital.com.br\/index.php?rest_route=\/wp\/v2\/types\/post"}],"author":[{"embeddable":true,"href":"https:\/\/diarioregionaldigital.com.br\/index.php?rest_route=\/wp\/v2\/users\/246"}],"replies":[{"embeddable":true,"href":"https:\/\/diarioregionaldigital.com.br\/index.php?rest_route=%2Fwp%2Fv2%2Fcomments&post=198585"}],"version-history":[{"count":2,"href":"https:\/\/diarioregionaldigital.com.br\/index.php?rest_route=\/wp\/v2\/posts\/198585\/revisions"}],"predecessor-version":[{"id":198588,"href":"https:\/\/diarioregionaldigital.com.br\/index.php?rest_route=\/wp\/v2\/posts\/198585\/revisions\/198588"}],"wp:featuredmedia":[{"embeddable":true,"href":"https:\/\/diarioregionaldigital.com.br\/index.php?rest_route=\/wp\/v2\/media\/198586"}],"wp:attachment":[{"href":"https:\/\/diarioregionaldigital.com.br\/index.php?rest_route=%2Fwp%2Fv2%2Fmedia&parent=198585"}],"wp:term":[{"taxonomy":"category","embeddable":true,"href":"https:\/\/diarioregionaldigital.com.br\/index.php?rest_route=%2Fwp%2Fv2%2Fcategories&post=198585"},{"taxonomy":"post_tag","embeddable":true,"href":"https:\/\/diarioregionaldigital.com.br\/index.php?rest_route=%2Fwp%2Fv2%2Ftags&post=198585"}],"curies":[{"name":"wp","href":"https:\/\/api.w.org\/{rel}","templated":true}]}}