{"id":198578,"date":"2022-05-06T14:00:02","date_gmt":"2022-05-06T17:00:02","guid":{"rendered":"https:\/\/diarioregionaldigital.com.br\/?p=198578"},"modified":"2022-05-06T14:00:02","modified_gmt":"2022-05-06T17:00:02","slug":"servidores-estaduais-recebem-salarios-com-reajuste-de-1006-nesta-sexta-feira","status":"publish","type":"post","link":"https:\/\/diarioregionaldigital.com.br\/?p=198578","title":{"rendered":"Servidores estaduais recebem sal\u00e1rios com reajuste de 10,06% nesta sexta-feira"},"content":{"rendered":"<p>Os servidores p\u00fablicos estaduais recebem nesta sexta-feira (6\/5), quinto dia \u00fatil de maio, os sal\u00e1rios j\u00e1 com o reajuste de 10,06%. A Lei 24.035\/2022, que concedeu a recomposi\u00e7\u00e3o salarial, foi sancionada pelo governador Romeu Zema no dia 4\/4. Ao todo, s\u00e3o cerca de 634 mil pagamentos, entre servidores ativos, inativos e pensionistas, contemplando todas as categorias do funcionalismo.<\/p>\n<p>A porcentagem de reajuste corresponde \u00e0 recomposi\u00e7\u00e3o salarial do funcionalismo p\u00fablico de acordo com o \u00edndice de infla\u00e7\u00e3o verificado pelo IPCA no \u00faltimo ano e \u00e9 o limite do que o\u00a0<a href=\"https:\/\/www.mg.gov.br\/\" target=\"_blank\" rel=\"noopener\">Governo de Minas<\/a>\u00a0pode conceder dentro das restri\u00e7\u00f5es impostas pela Lei de Responsabilidade Fiscal. O impacto financeiro \u00e9 de mais de R$ 330 milh\u00f5es mensais, o equivalente a mais de R$ 4,5 bilh\u00f5es por ano.<\/p>\n<p>A lei tamb\u00e9m prev\u00ea a quita\u00e7\u00e3o dos valores retroativos correspondentes aos meses de janeiro a mar\u00e7o para todos os servidores. O pagamento do retroativo ser\u00e1 feito junto com a folha de maio, depositada aos servidores no quinto dia \u00fatil de junho.<\/p>\n<p>Para os servidores das for\u00e7as de seguran\u00e7a, as duas primeiras parcelas de cerca de R$ 2 mil a t\u00edtulo de abono fardamento ou aux\u00edlio vestimenta, referentes a fevereiro e maio, conforme previsto na lei, ser\u00e3o pagas em maio. Ao todo, ser\u00e3o quatro parcelas ao longo do ano, totalizando aproximadamente R$ 8 mil deste benef\u00edcio.<\/p>\n<p>A ajuda de custo dos servidores tamb\u00e9m foi reajustada pelo Governo de Minas, conforme resolu\u00e7\u00e3o publicada em fevereiro deste ano, e j\u00e1 \u00e9 aplicada desde mar\u00e7o. Desta forma, os servidores que recebiam R$ 47 passaram a receber R$ 75 por dia trabalhado, mediante a pactua\u00e7\u00e3o de metas e indicadores pelos \u00f3rg\u00e3os e entidades do Poder Executivo.<\/p>\n<p>Fonte: Ag\u00eancia Minas<\/p>\n","protected":false},"excerpt":{"rendered":"<p>Os servidores p\u00fablicos estaduais recebem nesta sexta-feira (6\/5), quinto dia \u00fatil de maio, os sal\u00e1rios j\u00e1 com o reajuste de 10,06%. A Lei 24.035\/2022, que concedeu a recomposi\u00e7\u00e3o salarial, foi sancionada pelo governador Romeu Zema no dia 4\/4. Ao todo, s\u00e3o cerca de 634 mil pagamentos, entre servidores ativos, inativos e pensionistas, contemplando todas as [&hellip;]<\/p>\n","protected":false},"author":246,"featured_media":198579,"comment_status":"closed","ping_status":"closed","sticky":false,"template":"","format":"standard","meta":{"footnotes":""},"categories":[436,440,254,439],"tags":[],"class_list":["post-198578","post","type-post","status-publish","format-standard","has-post-thumbnail","hentry","category-destaque-da-semana","category-destaques-do-dia","category-politica","category-ultima-hora"],"_links":{"self":[{"href":"https:\/\/diarioregionaldigital.com.br\/index.php?rest_route=\/wp\/v2\/posts\/198578","targetHints":{"allow":["GET"]}}],"collection":[{"href":"https:\/\/diarioregionaldigital.com.br\/index.php?rest_route=\/wp\/v2\/posts"}],"about":[{"href":"https:\/\/diarioregionaldigital.com.br\/index.php?rest_route=\/wp\/v2\/types\/post"}],"author":[{"embeddable":true,"href":"https:\/\/diarioregionaldigital.com.br\/index.php?rest_route=\/wp\/v2\/users\/246"}],"replies":[{"embeddable":true,"href":"https:\/\/diarioregionaldigital.com.br\/index.php?rest_route=%2Fwp%2Fv2%2Fcomments&post=198578"}],"version-history":[{"count":1,"href":"https:\/\/diarioregionaldigital.com.br\/index.php?rest_route=\/wp\/v2\/posts\/198578\/revisions"}],"predecessor-version":[{"id":198580,"href":"https:\/\/diarioregionaldigital.com.br\/index.php?rest_route=\/wp\/v2\/posts\/198578\/revisions\/198580"}],"wp:featuredmedia":[{"embeddable":true,"href":"https:\/\/diarioregionaldigital.com.br\/index.php?rest_route=\/wp\/v2\/media\/198579"}],"wp:attachment":[{"href":"https:\/\/diarioregionaldigital.com.br\/index.php?rest_route=%2Fwp%2Fv2%2Fmedia&parent=198578"}],"wp:term":[{"taxonomy":"category","embeddable":true,"href":"https:\/\/diarioregionaldigital.com.br\/index.php?rest_route=%2Fwp%2Fv2%2Fcategories&post=198578"},{"taxonomy":"post_tag","embeddable":true,"href":"https:\/\/diarioregionaldigital.com.br\/index.php?rest_route=%2Fwp%2Fv2%2Ftags&post=198578"}],"curies":[{"name":"wp","href":"https:\/\/api.w.org\/{rel}","templated":true}]}}