{"id":198572,"date":"2022-05-06T13:50:54","date_gmt":"2022-05-06T16:50:54","guid":{"rendered":"https:\/\/diarioregionaldigital.com.br\/?p=198572"},"modified":"2022-05-06T13:50:54","modified_gmt":"2022-05-06T16:50:54","slug":"instrucao-estabelece-retorno-de-servidores-a-trabalho-presencial","status":"publish","type":"post","link":"https:\/\/diarioregionaldigital.com.br\/?p=198572","title":{"rendered":"Instru\u00e7\u00e3o estabelece retorno de servidores a trabalho presencial"},"content":{"rendered":"<p>Publicada no\u00a0<a href=\"http:\/\/in.gov.br\/en\/web\/dou\/-\/instrucao-normativa-sgp\/sedgg\/me-n-36-de-5-de-maio-de-2022-398070016\" target=\"_blank\" rel=\"noopener\"><em>Di\u00e1rio Oficial da Uni\u00e3o<\/em><\/a>\u00a0de hoje (6) instru\u00e7\u00e3o normativa do Minist\u00e9rio da Economia que estabelece o retorno de servidores e empregados p\u00fablicos ao trabalho presencial. A medida vale para aqueles que trabalham em \u00f3rg\u00e3os e entidades do Sistema de Pessoal Civil da Administra\u00e7\u00e3o P\u00fablica Federal (Sipec).<img decoding=\"async\" src=\"https:\/\/agenciabrasil.ebc.com.br\/ebc.png?id=1458343&amp;o=node\" \/><img decoding=\"async\" src=\"https:\/\/agenciabrasil.ebc.com.br\/ebc.gif?id=1458343&amp;o=node\" \/><\/p>\n<p>A Instru\u00e7\u00e3o Normativa n\u00ba 36, no entanto, acrescenta que \u201cos \u00f3rg\u00e3os e entidades integrantes do Sipec poder\u00e3o utilizar o Programa de Gest\u00e3o, nos termos da\u00a0<a href=\"http:\/\/www.gov.br\/produtividade-e-comercio-exterior\/pt-br\/acesso-a-informacao\/acoes-e-programas\/programa-de-gestao-secint\/legislacao\/instrucao-normativa-no-65-de-30-de-julho-de-2020\/@@download\/file\/2020.Instrucao_Normativa_n__65__de_30_de_julho_de_2020.pdf\" target=\"_blank\" rel=\"noopener\">Instru\u00e7\u00e3o Normativa n\u00ba 65<\/a>, de 30 de julho de 2020, para permitir a continuidade ou execu\u00e7\u00e3o de atividades em regime n\u00e3o presencial&#8221;.<\/p>\n<p>A instru\u00e7\u00e3o publicada em 2020 estabelece orienta\u00e7\u00f5es, crit\u00e9rios e procedimentos adotados para a implementa\u00e7\u00e3o de um programa de gest\u00e3o que possibilite a execu\u00e7\u00e3o de atividades remotas, pelos servidores e empregados p\u00fablicos vinculados ao Sipec, detalhando situa\u00e7\u00f5es, contextos e objetivos que viabilizam a implementa\u00e7\u00e3o desse modelo.<\/p>\n<p>Fonte: Ag\u00eancia Brasil<\/p>\n","protected":false},"excerpt":{"rendered":"<p>Publicada no\u00a0Di\u00e1rio Oficial da Uni\u00e3o\u00a0de hoje (6) instru\u00e7\u00e3o normativa do Minist\u00e9rio da Economia que estabelece o retorno de servidores e empregados p\u00fablicos ao trabalho presencial. A medida vale para aqueles que trabalham em \u00f3rg\u00e3os e entidades do Sistema de Pessoal Civil da Administra\u00e7\u00e3o P\u00fablica Federal (Sipec). A Instru\u00e7\u00e3o Normativa n\u00ba 36, no entanto, acrescenta que [&hellip;]<\/p>\n","protected":false},"author":246,"featured_media":198573,"comment_status":"closed","ping_status":"closed","sticky":false,"template":"","format":"standard","meta":{"footnotes":""},"categories":[436,261,439],"tags":[],"class_list":["post-198572","post","type-post","status-publish","format-standard","has-post-thumbnail","hentry","category-destaque-da-semana","category-economia","category-ultima-hora"],"_links":{"self":[{"href":"https:\/\/diarioregionaldigital.com.br\/index.php?rest_route=\/wp\/v2\/posts\/198572","targetHints":{"allow":["GET"]}}],"collection":[{"href":"https:\/\/diarioregionaldigital.com.br\/index.php?rest_route=\/wp\/v2\/posts"}],"about":[{"href":"https:\/\/diarioregionaldigital.com.br\/index.php?rest_route=\/wp\/v2\/types\/post"}],"author":[{"embeddable":true,"href":"https:\/\/diarioregionaldigital.com.br\/index.php?rest_route=\/wp\/v2\/users\/246"}],"replies":[{"embeddable":true,"href":"https:\/\/diarioregionaldigital.com.br\/index.php?rest_route=%2Fwp%2Fv2%2Fcomments&post=198572"}],"version-history":[{"count":1,"href":"https:\/\/diarioregionaldigital.com.br\/index.php?rest_route=\/wp\/v2\/posts\/198572\/revisions"}],"predecessor-version":[{"id":198574,"href":"https:\/\/diarioregionaldigital.com.br\/index.php?rest_route=\/wp\/v2\/posts\/198572\/revisions\/198574"}],"wp:featuredmedia":[{"embeddable":true,"href":"https:\/\/diarioregionaldigital.com.br\/index.php?rest_route=\/wp\/v2\/media\/198573"}],"wp:attachment":[{"href":"https:\/\/diarioregionaldigital.com.br\/index.php?rest_route=%2Fwp%2Fv2%2Fmedia&parent=198572"}],"wp:term":[{"taxonomy":"category","embeddable":true,"href":"https:\/\/diarioregionaldigital.com.br\/index.php?rest_route=%2Fwp%2Fv2%2Fcategories&post=198572"},{"taxonomy":"post_tag","embeddable":true,"href":"https:\/\/diarioregionaldigital.com.br\/index.php?rest_route=%2Fwp%2Fv2%2Ftags&post=198572"}],"curies":[{"name":"wp","href":"https:\/\/api.w.org\/{rel}","templated":true}]}}