{"id":198569,"date":"2022-05-06T13:49:30","date_gmt":"2022-05-06T16:49:30","guid":{"rendered":"https:\/\/diarioregionaldigital.com.br\/?p=198569"},"modified":"2022-05-06T13:49:30","modified_gmt":"2022-05-06T16:49:30","slug":"igp-di-cai-e-tem-inflacao-de-041-em-abril-diz-fgv","status":"publish","type":"post","link":"https:\/\/diarioregionaldigital.com.br\/?p=198569","title":{"rendered":"IGP-DI cai e tem infla\u00e7\u00e3o de 0,41% em abril, diz FGV"},"content":{"rendered":"<p>O \u00cdndice Geral de Pre\u00e7os \u2013 Disponibilidade Interna (IGP-DI) teve infla\u00e7\u00e3o de 0,41% em abril deste ano, taxa inferior aos 2,37% observados em mar\u00e7o. Com o resultado, o indicador acumula taxa de 6,44% no ano e 13,53% em 12 meses.<img decoding=\"async\" src=\"https:\/\/agenciabrasil.ebc.com.br\/ebc.png?id=1458341&amp;o=node\" \/><img decoding=\"async\" src=\"https:\/\/agenciabrasil.ebc.com.br\/ebc.gif?id=1458341&amp;o=node\" \/><\/p>\n<p>Em abril de 2021, o IGP-DI havia registrado infla\u00e7\u00e3o de 2,22% no m\u00eas e 33,46% em 12 meses. Os dados foram divulgados hoje (6) pela Funda\u00e7\u00e3o Getulio Vargas (FGV).<\/p>\n<p>A queda da taxa de mar\u00e7o para abril foi puxada pelo atacado, medido pelo \u00cdndice de Pre\u00e7os ao Produtor Amplo (IPA), e pelo varejo, medido pelo \u00cdndice de Pre\u00e7os ao Consumidor (IPC).<\/p>\n<p>A infla\u00e7\u00e3o medida pelo IPA caiu de 2,8% em mar\u00e7o para 0,19% em abril. J\u00e1 a taxa do IPC recuou de 1,35% para 1,08% no per\u00edodo.<\/p>\n<p>O \u00cdndice Nacional de Custo da Constru\u00e7\u00e3o (INCC), por outro lado, teve alta na taxa, ao passar de 0,86% em mar\u00e7o para 0,95% em abril.<\/p>\n<p>Fonte: Ag\u00eancia Brasil<\/p>\n","protected":false},"excerpt":{"rendered":"<p>O \u00cdndice Geral de Pre\u00e7os \u2013 Disponibilidade Interna (IGP-DI) teve infla\u00e7\u00e3o de 0,41% em abril deste ano, taxa inferior aos 2,37% observados em mar\u00e7o. Com o resultado, o indicador acumula taxa de 6,44% no ano e 13,53% em 12 meses. Em abril de 2021, o IGP-DI havia registrado infla\u00e7\u00e3o de 2,22% no m\u00eas e 33,46% [&hellip;]<\/p>\n","protected":false},"author":246,"featured_media":198570,"comment_status":"closed","ping_status":"closed","sticky":false,"template":"","format":"standard","meta":{"footnotes":""},"categories":[436,261,439],"tags":[],"class_list":["post-198569","post","type-post","status-publish","format-standard","has-post-thumbnail","hentry","category-destaque-da-semana","category-economia","category-ultima-hora"],"_links":{"self":[{"href":"https:\/\/diarioregionaldigital.com.br\/index.php?rest_route=\/wp\/v2\/posts\/198569","targetHints":{"allow":["GET"]}}],"collection":[{"href":"https:\/\/diarioregionaldigital.com.br\/index.php?rest_route=\/wp\/v2\/posts"}],"about":[{"href":"https:\/\/diarioregionaldigital.com.br\/index.php?rest_route=\/wp\/v2\/types\/post"}],"author":[{"embeddable":true,"href":"https:\/\/diarioregionaldigital.com.br\/index.php?rest_route=\/wp\/v2\/users\/246"}],"replies":[{"embeddable":true,"href":"https:\/\/diarioregionaldigital.com.br\/index.php?rest_route=%2Fwp%2Fv2%2Fcomments&post=198569"}],"version-history":[{"count":1,"href":"https:\/\/diarioregionaldigital.com.br\/index.php?rest_route=\/wp\/v2\/posts\/198569\/revisions"}],"predecessor-version":[{"id":198571,"href":"https:\/\/diarioregionaldigital.com.br\/index.php?rest_route=\/wp\/v2\/posts\/198569\/revisions\/198571"}],"wp:featuredmedia":[{"embeddable":true,"href":"https:\/\/diarioregionaldigital.com.br\/index.php?rest_route=\/wp\/v2\/media\/198570"}],"wp:attachment":[{"href":"https:\/\/diarioregionaldigital.com.br\/index.php?rest_route=%2Fwp%2Fv2%2Fmedia&parent=198569"}],"wp:term":[{"taxonomy":"category","embeddable":true,"href":"https:\/\/diarioregionaldigital.com.br\/index.php?rest_route=%2Fwp%2Fv2%2Fcategories&post=198569"},{"taxonomy":"post_tag","embeddable":true,"href":"https:\/\/diarioregionaldigital.com.br\/index.php?rest_route=%2Fwp%2Fv2%2Ftags&post=198569"}],"curies":[{"name":"wp","href":"https:\/\/api.w.org\/{rel}","templated":true}]}}