{"id":198566,"date":"2022-05-06T13:47:47","date_gmt":"2022-05-06T16:47:47","guid":{"rendered":"https:\/\/diarioregionaldigital.com.br\/?p=198566"},"modified":"2022-05-06T13:47:47","modified_gmt":"2022-05-06T16:47:47","slug":"valores-de-alugueis-residenciais-sobem-082-em-abril-diz-fgv","status":"publish","type":"post","link":"https:\/\/diarioregionaldigital.com.br\/?p=198566","title":{"rendered":"Valores de alugu\u00e9is residenciais sobem 0,82% em abril, diz FGV"},"content":{"rendered":"<p>O \u00cdndice de Varia\u00e7\u00e3o de Alugu\u00e9is Residenciais (Ivar), medido pela Funda\u00e7\u00e3o Getulio Vargas (FGV), teve alta de 0,82% em abril deste ano. Em mar\u00e7o, o indicador havia subido 0,81%.<img decoding=\"async\" src=\"https:\/\/agenciabrasil.ebc.com.br\/ebc.png?id=1458336&amp;o=node\" \/><img decoding=\"async\" src=\"https:\/\/agenciabrasil.ebc.com.br\/ebc.gif?id=1458336&amp;o=node\" \/><\/p>\n<p>Com o resultado, o \u00edndice, que mede a varia\u00e7\u00e3o dos alugu\u00e9is nas cidades de S\u00e3o Paulo, Rio de Janeiro, Belo Horizonte e Porto Alegre, acumula alta de 8,24% em 12 meses, a maior taxa desde o in\u00edcio da s\u00e9rie hist\u00f3rica da pesquisa, iniciada em janeiro de 2019.<\/p>\n<p>Entre as quatro cidades, a maior varia\u00e7\u00e3o foi observada em S\u00e3o Paulo (1,27%), que em mar\u00e7o havia registrado infla\u00e7\u00e3o de 1,30%. J\u00e1 Porto Alegre foi a \u00fanica capital com alta da taxa de mar\u00e7o para abril, ao passar de uma defla\u00e7\u00e3o (queda de pre\u00e7os) de 1,25% para uma infla\u00e7\u00e3o de 0,82% no per\u00edodo.<\/p>\n<p>O Rio de Janeiro teve uma queda na taxa, ao passar de 1,44% em mar\u00e7o para 0,31% em abril. J\u00e1 Belo Horizonte passou de uma alta de pre\u00e7os de 2,32% em mar\u00e7o para uma defla\u00e7\u00e3o de 0,07% no per\u00edodo.<\/p>\n<p>A taxa acumulada em 12 meses subiu nas quatro cidades: S\u00e3o Paulo (de 4,09% no acumulado de mar\u00e7o para 6,54% no acumulado de abril), Rio de Janeiro (de 7,27% para 8,7%), Belo Horizonte (de 14,11% para 14,87%) e Porto Alegre (de 4,98% para 7,17%).<\/p>\n<p>Fonte: Ag\u00eancia Brasil<\/p>\n","protected":false},"excerpt":{"rendered":"<p>O \u00cdndice de Varia\u00e7\u00e3o de Alugu\u00e9is Residenciais (Ivar), medido pela Funda\u00e7\u00e3o Getulio Vargas (FGV), teve alta de 0,82% em abril deste ano. Em mar\u00e7o, o indicador havia subido 0,81%. Com o resultado, o \u00edndice, que mede a varia\u00e7\u00e3o dos alugu\u00e9is nas cidades de S\u00e3o Paulo, Rio de Janeiro, Belo Horizonte e Porto Alegre, acumula alta [&hellip;]<\/p>\n","protected":false},"author":246,"featured_media":198567,"comment_status":"closed","ping_status":"closed","sticky":false,"template":"","format":"standard","meta":{"footnotes":""},"categories":[436,440,261,439],"tags":[],"class_list":["post-198566","post","type-post","status-publish","format-standard","has-post-thumbnail","hentry","category-destaque-da-semana","category-destaques-do-dia","category-economia","category-ultima-hora"],"_links":{"self":[{"href":"https:\/\/diarioregionaldigital.com.br\/index.php?rest_route=\/wp\/v2\/posts\/198566","targetHints":{"allow":["GET"]}}],"collection":[{"href":"https:\/\/diarioregionaldigital.com.br\/index.php?rest_route=\/wp\/v2\/posts"}],"about":[{"href":"https:\/\/diarioregionaldigital.com.br\/index.php?rest_route=\/wp\/v2\/types\/post"}],"author":[{"embeddable":true,"href":"https:\/\/diarioregionaldigital.com.br\/index.php?rest_route=\/wp\/v2\/users\/246"}],"replies":[{"embeddable":true,"href":"https:\/\/diarioregionaldigital.com.br\/index.php?rest_route=%2Fwp%2Fv2%2Fcomments&post=198566"}],"version-history":[{"count":1,"href":"https:\/\/diarioregionaldigital.com.br\/index.php?rest_route=\/wp\/v2\/posts\/198566\/revisions"}],"predecessor-version":[{"id":198568,"href":"https:\/\/diarioregionaldigital.com.br\/index.php?rest_route=\/wp\/v2\/posts\/198566\/revisions\/198568"}],"wp:featuredmedia":[{"embeddable":true,"href":"https:\/\/diarioregionaldigital.com.br\/index.php?rest_route=\/wp\/v2\/media\/198567"}],"wp:attachment":[{"href":"https:\/\/diarioregionaldigital.com.br\/index.php?rest_route=%2Fwp%2Fv2%2Fmedia&parent=198566"}],"wp:term":[{"taxonomy":"category","embeddable":true,"href":"https:\/\/diarioregionaldigital.com.br\/index.php?rest_route=%2Fwp%2Fv2%2Fcategories&post=198566"},{"taxonomy":"post_tag","embeddable":true,"href":"https:\/\/diarioregionaldigital.com.br\/index.php?rest_route=%2Fwp%2Fv2%2Ftags&post=198566"}],"curies":[{"name":"wp","href":"https:\/\/api.w.org\/{rel}","templated":true}]}}