{"id":198563,"date":"2022-05-06T13:33:53","date_gmt":"2022-05-06T16:33:53","guid":{"rendered":"https:\/\/diarioregionaldigital.com.br\/?p=198563"},"modified":"2022-05-06T13:33:53","modified_gmt":"2022-05-06T16:33:53","slug":"policia-militar-atende-vitima-de-roubo-no-bairro-distrito-industrial","status":"publish","type":"post","link":"https:\/\/diarioregionaldigital.com.br\/?p=198563","title":{"rendered":"Pol\u00edcia Militar atende v\u00edtima de roubo no bairro Distrito Industrial"},"content":{"rendered":"<p>No dia 05mai22 por volta das 19h37min, a Pol\u00edcia Militar compareceu na Rod BR 040 KM 780 no bairro Distrito Industrial para atendimento a um homem de 30 anos, v\u00edtima de roubo. Segundo relato, transitava pelo local quando foi abordado por um suspeito que armado com uma faca anunciou o roubo, subtraiu a quantia de R$1.200,00 e o aparelho celular, evadindo logo em seguida. V\u00edtima orientada quanto \u00e0s demais provid\u00eancias. A PM segue rastreamento.<\/p>\n","protected":false},"excerpt":{"rendered":"<p>No dia 05mai22 por volta das 19h37min, a Pol\u00edcia Militar compareceu na Rod BR 040 KM 780 no bairro Distrito Industrial para atendimento a um homem de 30 anos, v\u00edtima de roubo. Segundo relato, transitava pelo local quando foi abordado por um suspeito que armado com uma faca anunciou o roubo, subtraiu a quantia de [&hellip;]<\/p>\n","protected":false},"author":246,"featured_media":198564,"comment_status":"closed","ping_status":"closed","sticky":false,"template":"","format":"standard","meta":{"footnotes":""},"categories":[301,436,439],"tags":[],"class_list":["post-198563","post","type-post","status-publish","format-standard","has-post-thumbnail","hentry","category-artigos-policiais","category-destaque-da-semana","category-ultima-hora"],"_links":{"self":[{"href":"https:\/\/diarioregionaldigital.com.br\/index.php?rest_route=\/wp\/v2\/posts\/198563","targetHints":{"allow":["GET"]}}],"collection":[{"href":"https:\/\/diarioregionaldigital.com.br\/index.php?rest_route=\/wp\/v2\/posts"}],"about":[{"href":"https:\/\/diarioregionaldigital.com.br\/index.php?rest_route=\/wp\/v2\/types\/post"}],"author":[{"embeddable":true,"href":"https:\/\/diarioregionaldigital.com.br\/index.php?rest_route=\/wp\/v2\/users\/246"}],"replies":[{"embeddable":true,"href":"https:\/\/diarioregionaldigital.com.br\/index.php?rest_route=%2Fwp%2Fv2%2Fcomments&post=198563"}],"version-history":[{"count":1,"href":"https:\/\/diarioregionaldigital.com.br\/index.php?rest_route=\/wp\/v2\/posts\/198563\/revisions"}],"predecessor-version":[{"id":198565,"href":"https:\/\/diarioregionaldigital.com.br\/index.php?rest_route=\/wp\/v2\/posts\/198563\/revisions\/198565"}],"wp:featuredmedia":[{"embeddable":true,"href":"https:\/\/diarioregionaldigital.com.br\/index.php?rest_route=\/wp\/v2\/media\/198564"}],"wp:attachment":[{"href":"https:\/\/diarioregionaldigital.com.br\/index.php?rest_route=%2Fwp%2Fv2%2Fmedia&parent=198563"}],"wp:term":[{"taxonomy":"category","embeddable":true,"href":"https:\/\/diarioregionaldigital.com.br\/index.php?rest_route=%2Fwp%2Fv2%2Fcategories&post=198563"},{"taxonomy":"post_tag","embeddable":true,"href":"https:\/\/diarioregionaldigital.com.br\/index.php?rest_route=%2Fwp%2Fv2%2Ftags&post=198563"}],"curies":[{"name":"wp","href":"https:\/\/api.w.org\/{rel}","templated":true}]}}