{"id":198553,"date":"2022-05-05T16:35:45","date_gmt":"2022-05-05T19:35:45","guid":{"rendered":"https:\/\/diarioregionaldigital.com.br\/?p=198553"},"modified":"2022-05-05T16:35:45","modified_gmt":"2022-05-05T19:35:45","slug":"programa-boniteza-continua-com-manutencao-de-canaletas-no-centro","status":"publish","type":"post","link":"https:\/\/diarioregionaldigital.com.br\/?p=198553","title":{"rendered":"Programa Boniteza continua com manuten\u00e7\u00e3o de canaletas no Centro"},"content":{"rendered":"<div id=\"box_texto_noticia\">\n<div>Segundo informa\u00e7\u00f5es do site da Prefeitura de Juiz de Fora, o Programa Boniteza da Prefeitura de Juiz de Fora (PJF) continua com os reparos das canaletas na Rua Marechal Deodoro, no Centro. Desde o \u00faltimo dia 27, as equipes da Secretaria de Obras (SO) atuam na regi\u00e3o para realizar a manuten\u00e7\u00e3o e constru\u00e7\u00e3o das canaletas de concreto.<\/p>\n<p>As antigas canaletas, feitas de ferro, eram constantemente furtadas, causando preju\u00edzos ao munic\u00edpio e provocando acidentes com os transeuntes. Com as novas canaletas de concreto, as vias ficar\u00e3o mais seguras para os juizforanos.<\/p>\n<p><strong>Gabinete de A\u00e7\u00e3o e Di\u00e1logo Comunit\u00e1rio<\/strong><\/p>\n<p>As a\u00e7\u00f5es da SO s\u00e3o realizadas atrav\u00e9s do<strong>\u00a0<\/strong><strong><a href=\"https:\/\/www.pjf.mg.gov.br\/gabinetecomunitario\/\" target=\"_blank\" rel=\"noopener\">Gabinete de A\u00e7\u00e3o e Di\u00e1logo Comunit\u00e1rio<\/a><\/strong>, que recebe demandas de melhorias urbanas pelo n\u00famero (32) 3690-7241, por liga\u00e7\u00e3o ou WhatsApp.<\/p>\n<p>No site do gabinete, est\u00e3o dispon\u00edveis informa\u00e7\u00f5es atualizadas diariamente sobre os servi\u00e7os realizados pelas secretarias de Obras; de Sustentabilidade em Meio Ambiente e Atividades Urbanas (Sesmaur); de Mobilidade Urbana (SMU); e pela Empresa Municipal de Pavimenta\u00e7\u00e3o e Urbaniza\u00e7\u00e3o (Empav); Departamento Municipal de Limpeza Urbana (Demlurb); e Companhia de Saneamento Municipal (Cesama).<\/p><\/div>\n<\/div>\n<p>&nbsp;<\/p>\n<div id=\"box_compartilhar\" align=\"right\"><\/div>\n","protected":false},"excerpt":{"rendered":"<p>Segundo informa\u00e7\u00f5es do site da Prefeitura de Juiz de Fora, o Programa Boniteza da Prefeitura de Juiz de Fora (PJF) continua com os reparos das canaletas na Rua Marechal Deodoro, no Centro. Desde o \u00faltimo dia 27, as equipes da Secretaria de Obras (SO) atuam na regi\u00e3o para realizar a manuten\u00e7\u00e3o e constru\u00e7\u00e3o das canaletas [&hellip;]<\/p>\n","protected":false},"author":246,"featured_media":198554,"comment_status":"closed","ping_status":"closed","sticky":false,"template":"","format":"standard","meta":{"footnotes":""},"categories":[253,436,439],"tags":[],"class_list":["post-198553","post","type-post","status-publish","format-standard","has-post-thumbnail","hentry","category-cidade","category-destaque-da-semana","category-ultima-hora"],"_links":{"self":[{"href":"https:\/\/diarioregionaldigital.com.br\/index.php?rest_route=\/wp\/v2\/posts\/198553","targetHints":{"allow":["GET"]}}],"collection":[{"href":"https:\/\/diarioregionaldigital.com.br\/index.php?rest_route=\/wp\/v2\/posts"}],"about":[{"href":"https:\/\/diarioregionaldigital.com.br\/index.php?rest_route=\/wp\/v2\/types\/post"}],"author":[{"embeddable":true,"href":"https:\/\/diarioregionaldigital.com.br\/index.php?rest_route=\/wp\/v2\/users\/246"}],"replies":[{"embeddable":true,"href":"https:\/\/diarioregionaldigital.com.br\/index.php?rest_route=%2Fwp%2Fv2%2Fcomments&post=198553"}],"version-history":[{"count":1,"href":"https:\/\/diarioregionaldigital.com.br\/index.php?rest_route=\/wp\/v2\/posts\/198553\/revisions"}],"predecessor-version":[{"id":198555,"href":"https:\/\/diarioregionaldigital.com.br\/index.php?rest_route=\/wp\/v2\/posts\/198553\/revisions\/198555"}],"wp:featuredmedia":[{"embeddable":true,"href":"https:\/\/diarioregionaldigital.com.br\/index.php?rest_route=\/wp\/v2\/media\/198554"}],"wp:attachment":[{"href":"https:\/\/diarioregionaldigital.com.br\/index.php?rest_route=%2Fwp%2Fv2%2Fmedia&parent=198553"}],"wp:term":[{"taxonomy":"category","embeddable":true,"href":"https:\/\/diarioregionaldigital.com.br\/index.php?rest_route=%2Fwp%2Fv2%2Fcategories&post=198553"},{"taxonomy":"post_tag","embeddable":true,"href":"https:\/\/diarioregionaldigital.com.br\/index.php?rest_route=%2Fwp%2Fv2%2Ftags&post=198553"}],"curies":[{"name":"wp","href":"https:\/\/api.w.org\/{rel}","templated":true}]}}