{"id":198550,"date":"2022-05-05T16:33:50","date_gmt":"2022-05-05T19:33:50","guid":{"rendered":"https:\/\/diarioregionaldigital.com.br\/?p=198550"},"modified":"2022-05-05T16:33:50","modified_gmt":"2022-05-05T19:33:50","slug":"feira-no-parque-halfeld-tera-comida-musica-e-cerveja-artesanal","status":"publish","type":"post","link":"https:\/\/diarioregionaldigital.com.br\/?p=198550","title":{"rendered":"Feira no Parque Halfeld ter\u00e1 comida, m\u00fasica e cerveja artesanal"},"content":{"rendered":"<p>Segundo informa\u00e7\u00f5es do site da Prefeitura de Juiz de Fora, o Parque Halfeld ser\u00e1 palco da Feira Regional da Economia Solid\u00e1ria nesta sexta-feira, 6, e no s\u00e1bado, 7. O evento tem como\u00a0objetivo desenvolver a economia sustent\u00e1vel do munic\u00edpio com a participa\u00e7\u00e3o de grupos populares, tendo como expositores trabalhadores, coletivos, cooperativas, entre outros, que visam fortalecer a economia solid\u00e1ria. A iniciativa \u00e9 da Secretaria de Estado e Desenvolvimento Social (Sedese) do Governo de Minas Gerais e F\u00f3rum Regional de Economia Solid\u00e1ria da Zona da Mata, em prol do apoio e fortalecimento da economia solid\u00e1ria do estado, com apoio da Secretaria de Desenvolvimento Sustent\u00e1vel e Inclusivo, da Inova\u00e7\u00e3o e Competitividade (Sedic).<\/p>\n<p>A feira ter\u00e1 uma pra\u00e7a de alimenta\u00e7\u00e3o com barracas de g\u00eaneros aliment\u00edcios de organiza\u00e7\u00f5es sem fins lucrativos e pontos de comercializa\u00e7\u00e3o de cervejas artesanais de Juiz de Fora que foram selecionadas por meio de chamamento p\u00fablico, coordenado pela Secretaria de Turismo (Setur). Os frequentadores da Feira Regional da Economia Solid\u00e1ria ter\u00e3o um local para degusta\u00e7\u00e3o de diversos produtos de Juiz de Fora. A feira funcionar\u00e1 das 13h \u00e0s 22h na sexta-feira e das 9h \u00e0s 18h no s\u00e1bado.<\/p>\n<p>As cervejarias participantes da feira, Mr. Tugas e Buonacerva, como contrapresta\u00e7\u00e3o, v\u00e3o fornecer as atra\u00e7\u00f5es culturais para compor a programa\u00e7\u00e3o da pra\u00e7a de alimenta\u00e7\u00e3o da Feira. Essas atra\u00e7\u00f5es est\u00e3o sendo definidas pela Setur e Sedic da Prefeitura de Juiz de Fora (PJF).<\/p>\n","protected":false},"excerpt":{"rendered":"<p>Segundo informa\u00e7\u00f5es do site da Prefeitura de Juiz de Fora, o Parque Halfeld ser\u00e1 palco da Feira Regional da Economia Solid\u00e1ria nesta sexta-feira, 6, e no s\u00e1bado, 7. O evento tem como\u00a0objetivo desenvolver a economia sustent\u00e1vel do munic\u00edpio com a participa\u00e7\u00e3o de grupos populares, tendo como expositores trabalhadores, coletivos, cooperativas, entre outros, que visam fortalecer [&hellip;]<\/p>\n","protected":false},"author":246,"featured_media":198551,"comment_status":"closed","ping_status":"closed","sticky":false,"template":"","format":"standard","meta":{"footnotes":""},"categories":[253,436,439],"tags":[],"class_list":["post-198550","post","type-post","status-publish","format-standard","has-post-thumbnail","hentry","category-cidade","category-destaque-da-semana","category-ultima-hora"],"_links":{"self":[{"href":"https:\/\/diarioregionaldigital.com.br\/index.php?rest_route=\/wp\/v2\/posts\/198550","targetHints":{"allow":["GET"]}}],"collection":[{"href":"https:\/\/diarioregionaldigital.com.br\/index.php?rest_route=\/wp\/v2\/posts"}],"about":[{"href":"https:\/\/diarioregionaldigital.com.br\/index.php?rest_route=\/wp\/v2\/types\/post"}],"author":[{"embeddable":true,"href":"https:\/\/diarioregionaldigital.com.br\/index.php?rest_route=\/wp\/v2\/users\/246"}],"replies":[{"embeddable":true,"href":"https:\/\/diarioregionaldigital.com.br\/index.php?rest_route=%2Fwp%2Fv2%2Fcomments&post=198550"}],"version-history":[{"count":1,"href":"https:\/\/diarioregionaldigital.com.br\/index.php?rest_route=\/wp\/v2\/posts\/198550\/revisions"}],"predecessor-version":[{"id":198552,"href":"https:\/\/diarioregionaldigital.com.br\/index.php?rest_route=\/wp\/v2\/posts\/198550\/revisions\/198552"}],"wp:featuredmedia":[{"embeddable":true,"href":"https:\/\/diarioregionaldigital.com.br\/index.php?rest_route=\/wp\/v2\/media\/198551"}],"wp:attachment":[{"href":"https:\/\/diarioregionaldigital.com.br\/index.php?rest_route=%2Fwp%2Fv2%2Fmedia&parent=198550"}],"wp:term":[{"taxonomy":"category","embeddable":true,"href":"https:\/\/diarioregionaldigital.com.br\/index.php?rest_route=%2Fwp%2Fv2%2Fcategories&post=198550"},{"taxonomy":"post_tag","embeddable":true,"href":"https:\/\/diarioregionaldigital.com.br\/index.php?rest_route=%2Fwp%2Fv2%2Ftags&post=198550"}],"curies":[{"name":"wp","href":"https:\/\/api.w.org\/{rel}","templated":true}]}}