{"id":198546,"date":"2022-05-05T16:32:00","date_gmt":"2022-05-05T19:32:00","guid":{"rendered":"https:\/\/diarioregionaldigital.com.br\/?p=198546"},"modified":"2022-05-05T16:32:00","modified_gmt":"2022-05-05T19:32:00","slug":"programa-maos-a-obra-investe-em-informacao-e-prevencao-a-problemas-de-saude-para-servidores","status":"publish","type":"post","link":"https:\/\/diarioregionaldigital.com.br\/?p=198546","title":{"rendered":"Programa \u201cM\u00e3os \u00e0 Obra\u201d investe em informa\u00e7\u00e3o e preven\u00e7\u00e3o a problemas de sa\u00fade para servidores"},"content":{"rendered":"<p>Segundo informa\u00e7\u00f5es do site da Prefeitura de Juiz de Fora, seria s\u00f3 mais um dia de trabalho para o auxiliar de servi\u00e7os gerais da Secretaria de Obras (SO) da Prefeitura de Juiz de Fora (PJF), Edilson Meireles, mas uma palestra logo nas primeiras horas da manh\u00e3 transformou a rotina do funcion\u00e1rio de 51 anos. \u201cFui convidado a fazer exames ap\u00f3s a palestra que tivemos sobre sa\u00fade e descobri ter uma placa na veia causada por colesterol alto\u201d, conta o servidor. A orienta\u00e7\u00e3o veio a partir do programa \u201cM\u00e3os \u00e0 Obra\u201d, desenvolvido pela Secretaria de Recursos Humanos (SRH) junto \u00e0 SO.<\/p>\n<p>O programa contempla, atualmente, servidores dos setores de terraplanagem, meio-fio e pr\u00f3prios municipais. Numa primeira etapa foram realizadas avalia\u00e7\u00f5es m\u00e9dicas pelo m\u00e9dico do trabalho do departamento de Ambi\u00eancia Organizacional (Damor) da SRH, Raimundo Lelis Filho, que solicita exames de imagem e laboratoriais, que s\u00e3o realizados pelos servidores. Foi nesse exame que o diagn\u00f3stico de Ed\u00edlson surgiu. O servidor conta que tomou um susto quando recebeu a informa\u00e7\u00e3o de estar com entupimento da car\u00f3tida, j\u00e1 que n\u00e3o o impedia de trabalhar. \u201cEu j\u00e1 havia passado por outros m\u00e9dicos e nunca havia descoberto isso. Infelizmente n\u00e3o temos tanto tempo para irmos ao m\u00e9dico sempre e quando temos esse apoio, podemos descobrir esses problemas de sa\u00fade\u201d, explica Edilson, agora ap\u00f3s a bem sucedida interven\u00e7\u00e3o.<\/p>\n<p>Na manh\u00e3 desta quinta-feira, 5, o servidor se juntou aos colegas de setor para mais uma palestra do \u201cM\u00e3os \u00e0 Obra\u201d. A roda de conversa tratou sobre hipertens\u00e3o e doen\u00e7as do cora\u00e7\u00e3o. Durante pouco mais de uma hora, o m\u00e9dico do Damor apresentou, de forma did\u00e1tica e objetiva, quest\u00f5es sobre doen\u00e7as cardiovasculares e renais, a import\u00e2ncia sobre as v\u00e1rias doen\u00e7as provenientes de problemas de sa\u00fade que podem ser tratados no in\u00edcio se diagnosticadas a tempo. \u201cTemos um grupo de pessoas que est\u00e3o sujeitas a um n\u00famero maior de problemas de sa\u00fade, como hipertens\u00e3o, diabetes, colesterol alto. O trabalho que fazemos \u00e9 resgatar essas pessoas para pensarem sua sa\u00fade e aproveitamos esse momento de conversa e consulta para uma investiga\u00e7\u00e3o dos problemas de sa\u00fade que temos nessa popula\u00e7\u00e3o e uma proposta de interven\u00e7\u00e3o. A ades\u00e3o tem sido muito boa e isso \u00e9 gratificante\u201d, explica o m\u00e9dico Raimundo Lelis.<\/p>\n<p>Saindo da palestra para a rotina normal do trabalho, o operador de m\u00e1quinas, Nilton Marciano, o \u201cBod\u00e3o\u201d, s\u00f3 fez elogios ao programa. \u201c\u00c9 uma ideia muito boa e queremos que continue. S\u00e3o palestras muito boas, podemos fazer esses exames\u201d, destacou.<\/p>\n<p>\u201cPrecisamos pensar e atuar de fato em a\u00e7\u00f5es que promovam a sa\u00fade do trabalhador. Esse projeto \u00e9 positivo por isso. Pois vai direto ao servidor, com orienta\u00e7\u00e3o e informa\u00e7\u00e3o. \u00c9 fundamental que a gente pense recursos humanos dessa forma, em projetos que podem garantir mais qualidade de vida para nossos servidores e, em consequ\u00eancia, um melhor servi\u00e7o para a popula\u00e7\u00e3o da cidade\u201d, avaliou o secret\u00e1rio de Recursos Humanos, Rog\u00e9rio de Freitas.<\/p>\n<p>O \u201cM\u00e3os \u00e0 Obra\u201d \u00e9 desenvolvido pela equipe da Supervis\u00e3o de Acompanhamento Psicossocial do Servidor do Damor, que \u00e9 respons\u00e1vel por gerenciar os encontros e os desdobramentos. O projeto tem seis \u00e1reas de atua\u00e7\u00e3o: \u201caten\u00e7\u00e3o \u00e0 sa\u00fade&#8221;, \u201caten\u00e7\u00e3o ao trabalho\u201d, \u201caten\u00e7\u00e3o \u00e0 fam\u00edlia&#8221;, \u201ceduca\u00e7\u00e3o financeira\u201d, \u201ceduca\u00e7\u00e3o formal, cultura e lazer\u201d e \u201catividade f\u00edsica\u201d. Em 2021, o programa atendeu servidores do Cemit\u00e9rio Municipal e do setor de \u00e1guas pluviais.<\/p>\n","protected":false},"excerpt":{"rendered":"<p>Segundo informa\u00e7\u00f5es do site da Prefeitura de Juiz de Fora, seria s\u00f3 mais um dia de trabalho para o auxiliar de servi\u00e7os gerais da Secretaria de Obras (SO) da Prefeitura de Juiz de Fora (PJF), Edilson Meireles, mas uma palestra logo nas primeiras horas da manh\u00e3 transformou a rotina do funcion\u00e1rio de 51 anos. \u201cFui [&hellip;]<\/p>\n","protected":false},"author":246,"featured_media":198547,"comment_status":"closed","ping_status":"closed","sticky":false,"template":"","format":"standard","meta":{"footnotes":""},"categories":[253,436,439],"tags":[],"class_list":["post-198546","post","type-post","status-publish","format-standard","has-post-thumbnail","hentry","category-cidade","category-destaque-da-semana","category-ultima-hora"],"_links":{"self":[{"href":"https:\/\/diarioregionaldigital.com.br\/index.php?rest_route=\/wp\/v2\/posts\/198546","targetHints":{"allow":["GET"]}}],"collection":[{"href":"https:\/\/diarioregionaldigital.com.br\/index.php?rest_route=\/wp\/v2\/posts"}],"about":[{"href":"https:\/\/diarioregionaldigital.com.br\/index.php?rest_route=\/wp\/v2\/types\/post"}],"author":[{"embeddable":true,"href":"https:\/\/diarioregionaldigital.com.br\/index.php?rest_route=\/wp\/v2\/users\/246"}],"replies":[{"embeddable":true,"href":"https:\/\/diarioregionaldigital.com.br\/index.php?rest_route=%2Fwp%2Fv2%2Fcomments&post=198546"}],"version-history":[{"count":2,"href":"https:\/\/diarioregionaldigital.com.br\/index.php?rest_route=\/wp\/v2\/posts\/198546\/revisions"}],"predecessor-version":[{"id":198549,"href":"https:\/\/diarioregionaldigital.com.br\/index.php?rest_route=\/wp\/v2\/posts\/198546\/revisions\/198549"}],"wp:featuredmedia":[{"embeddable":true,"href":"https:\/\/diarioregionaldigital.com.br\/index.php?rest_route=\/wp\/v2\/media\/198547"}],"wp:attachment":[{"href":"https:\/\/diarioregionaldigital.com.br\/index.php?rest_route=%2Fwp%2Fv2%2Fmedia&parent=198546"}],"wp:term":[{"taxonomy":"category","embeddable":true,"href":"https:\/\/diarioregionaldigital.com.br\/index.php?rest_route=%2Fwp%2Fv2%2Fcategories&post=198546"},{"taxonomy":"post_tag","embeddable":true,"href":"https:\/\/diarioregionaldigital.com.br\/index.php?rest_route=%2Fwp%2Fv2%2Ftags&post=198546"}],"curies":[{"name":"wp","href":"https:\/\/api.w.org\/{rel}","templated":true}]}}