{"id":198543,"date":"2022-05-05T16:28:37","date_gmt":"2022-05-05T19:28:37","guid":{"rendered":"https:\/\/diarioregionaldigital.com.br\/?p=198543"},"modified":"2022-05-05T16:28:37","modified_gmt":"2022-05-05T19:28:37","slug":"prefeitura-e-carta-curinga-fazem-parceria-para-alavancar-vendas-no-comercio-e-turismo-de-compras","status":"publish","type":"post","link":"https:\/\/diarioregionaldigital.com.br\/?p=198543","title":{"rendered":"Prefeitura e Carta Curinga fazem parceria para alavancar vendas no com\u00e9rcio e turismo de compras"},"content":{"rendered":"<p>Segundo informa\u00e7\u00f5es do site da Prefeitura de Juiz de Fora, a prefeita Margarida Salom\u00e3o assinou nesta quinta-feira um termo de compromisso com a Carta Curinga para alavancar a campanha \u201cJuiz de Fora Meu Destino\u201d. O projeto ser\u00e1 uma nova maneira para que os cidad\u00e3os, turistas e empres\u00e1rios possam ter contato com promo\u00e7\u00f5es, descontos e roteiros de compras e atra\u00e7\u00f5es dentro de Juiz de Fora. Os empres\u00e1rios do trade tur\u00edstico e do com\u00e9rcio em geral podem se cadastrar eletronicamente para oferecer promo\u00e7\u00f5es e descontos com objetivo de melhorar as vendas e ampliar na cidade o turismo de compras.<\/p>\n<p>Margarida Salom\u00e3o disse aos executivos da Carta Curinga, Rodrigo Maffia e Bruno Lima, que caber\u00e1 \u00e0 Secretaria de Desenvolvimento Sustent\u00e1vel e Inclusivo, da Inova\u00e7\u00e3o e Competitividade (Sedic) convidar os empres\u00e1rios do com\u00e9rcio a se inscreverem para ofertar descontos e promo\u00e7\u00f5es. Al\u00e9m da Sedic, a Secretaria de Turismo (Setur) foi incumbida de fazer o mesmo em rela\u00e7\u00e3o a hot\u00e9is, bares, restaurantes e lanchonetes. De acordo com a prefeita, a parceria firmada \u201c\u00e9 importante para a cidade, que j\u00e1 \u00e9 um destino de compras, e que pode melhorar a percep\u00e7\u00e3o das pessoas a respeito da variedade de produtos existentes e suas promo\u00e7\u00f5es\u201d.<\/p>\n<p>Para participar do projeto, os empres\u00e1rios do com\u00e9rcio, hot\u00e9is, bares, restaurantes, lanchonetes e outros precisam fazer um r\u00e1pido cadastro no site da Prefeitura de Juiz de Fora (PJF), no link\u00a0<a href=\"https:\/\/www.pjf.mg.gov.br\/meudestino\/\"><strong>\u201cJuiz de Fora Meu Destino\u201d<\/strong><\/a>\u00a0e clicar em \u201ctenho promo\u00e7\u00e3o\u201d. A partir desse momento, podem colocar suas promo\u00e7\u00f5es e\/ou descontos de produtos. J\u00e1 os consumidores precisam apenas baixar o aplicativo da\u00a0<a href=\"https:\/\/www.cartacuringa.com\/\"><strong>Carta Curinga<\/strong><\/a>\u00a0e fazer um cadastro. Para usufruir das promo\u00e7\u00f5es e descontos os cidad\u00e3os fazem um breve cadastro e, a cada compra, informam o CPF para ter os benef\u00edcios.<\/p>\n<p>O secret\u00e1rio de Desenvolvimento Sustent\u00e1vel e Inclusivo, da Inova\u00e7\u00e3o e Competitividade, Ignacio Delgado, ressaltou que a parceria ajuda a consolidar a miss\u00e3o de tornar Juiz de Fora um polo da economia criativa em sintonia com o turismo e a cultura. \u201cPrecisamos resgatar a autoestima de Juiz de Fora como um polo regional e nacional de economia, turismo e cultura\u201d. Participaram do evento a secret\u00e1ria de Sustentabilidade em Meio Ambiente e Atividades Urbanas, Aline Delage; o secret\u00e1rio de Comunica\u00e7\u00e3o, M\u00e1rcio Guerra; e o secret\u00e1rio de Turismo, Marcelo do Carmo.<\/p>\n<p>Rodrigo Maffia, representando a Carta Curinga, explicou que a parceria com a Prefeitura possibilitar\u00e1 a gratuidade no aplicativo quer para os empres\u00e1rios e tamb\u00e9m para os consumidores. Ele lembrou que, para o sucesso do programa, \u00e9 fundamental que os empres\u00e1rios acessem o site da PJF e se inscrevam no\u00a0<a href=\"https:\/\/www.pjf.mg.gov.br\/meudestino\/\"><strong>\u201cJuiz de Fora Meu Destino\u201d<\/strong><\/a>\u00a0para que o aplicativo seja alimentado com as ofertas, promo\u00e7\u00f5es e descontos.<\/p>\n<p>Em um primeiro momento, haver\u00e1 um enfoque em compras, hospedagens e alimenta\u00e7\u00e3o. Posteriormente, ser\u00e3o incorporados ao projeto diversos outros circuitos em diferentes \u00e1reas, com os de cervejas especiais, gastronomia, cultura, esportes radicais entre outros. A\u00a0Prefeitura disponibilizar\u00e1 toda a infraestrutura necess\u00e1ria para que os empres\u00e1rios possam fazer investimentos e os cidad\u00e3os e visitantes possam se sentir acolhidos e seguros em suas compras na cidade.<\/p>\n<p>Juiz de Fora \u00e9 polo de outras 84 cidades, num raio de aproximadamente 100 quil\u00f4metros, com um total de mais de 2 milh\u00f5es de habitantes que s\u00e3o tamb\u00e9m consumidores e esta iniciativa \u00e9 importante para pensar o desenvolvimento da cidade e da Zona da Mata.<\/p>\n","protected":false},"excerpt":{"rendered":"<p>Segundo informa\u00e7\u00f5es do site da Prefeitura de Juiz de Fora, a prefeita Margarida Salom\u00e3o assinou nesta quinta-feira um termo de compromisso com a Carta Curinga para alavancar a campanha \u201cJuiz de Fora Meu Destino\u201d. O projeto ser\u00e1 uma nova maneira para que os cidad\u00e3os, turistas e empres\u00e1rios possam ter contato com promo\u00e7\u00f5es, descontos e roteiros [&hellip;]<\/p>\n","protected":false},"author":246,"featured_media":198544,"comment_status":"closed","ping_status":"closed","sticky":false,"template":"","format":"standard","meta":{"footnotes":""},"categories":[253,436,440,439],"tags":[],"class_list":["post-198543","post","type-post","status-publish","format-standard","has-post-thumbnail","hentry","category-cidade","category-destaque-da-semana","category-destaques-do-dia","category-ultima-hora"],"_links":{"self":[{"href":"https:\/\/diarioregionaldigital.com.br\/index.php?rest_route=\/wp\/v2\/posts\/198543","targetHints":{"allow":["GET"]}}],"collection":[{"href":"https:\/\/diarioregionaldigital.com.br\/index.php?rest_route=\/wp\/v2\/posts"}],"about":[{"href":"https:\/\/diarioregionaldigital.com.br\/index.php?rest_route=\/wp\/v2\/types\/post"}],"author":[{"embeddable":true,"href":"https:\/\/diarioregionaldigital.com.br\/index.php?rest_route=\/wp\/v2\/users\/246"}],"replies":[{"embeddable":true,"href":"https:\/\/diarioregionaldigital.com.br\/index.php?rest_route=%2Fwp%2Fv2%2Fcomments&post=198543"}],"version-history":[{"count":1,"href":"https:\/\/diarioregionaldigital.com.br\/index.php?rest_route=\/wp\/v2\/posts\/198543\/revisions"}],"predecessor-version":[{"id":198545,"href":"https:\/\/diarioregionaldigital.com.br\/index.php?rest_route=\/wp\/v2\/posts\/198543\/revisions\/198545"}],"wp:featuredmedia":[{"embeddable":true,"href":"https:\/\/diarioregionaldigital.com.br\/index.php?rest_route=\/wp\/v2\/media\/198544"}],"wp:attachment":[{"href":"https:\/\/diarioregionaldigital.com.br\/index.php?rest_route=%2Fwp%2Fv2%2Fmedia&parent=198543"}],"wp:term":[{"taxonomy":"category","embeddable":true,"href":"https:\/\/diarioregionaldigital.com.br\/index.php?rest_route=%2Fwp%2Fv2%2Fcategories&post=198543"},{"taxonomy":"post_tag","embeddable":true,"href":"https:\/\/diarioregionaldigital.com.br\/index.php?rest_route=%2Fwp%2Fv2%2Ftags&post=198543"}],"curies":[{"name":"wp","href":"https:\/\/api.w.org\/{rel}","templated":true}]}}