{"id":198540,"date":"2022-05-05T16:23:42","date_gmt":"2022-05-05T19:23:42","guid":{"rendered":"https:\/\/diarioregionaldigital.com.br\/?p=198540"},"modified":"2022-05-05T16:23:42","modified_gmt":"2022-05-05T19:23:42","slug":"cassio-defende-penalti-e-corinthians-segura-empate-com-deportivo-cali","status":"publish","type":"post","link":"https:\/\/diarioregionaldigital.com.br\/?p=198540","title":{"rendered":"C\u00e1ssio defende p\u00eanalti e Corinthians segura empate com Deportivo Cali"},"content":{"rendered":"<p>Com direito a defesa de p\u00eanalti do goleiro C\u00e1ssio, o Corinthians foi at\u00e9 a Col\u00f4mbia e segurou um empate sem gols com o Deportivo Cali, nesta quarta-feira (4) no est\u00e1dio Colosso de Palmaseca, para se manter na lideran\u00e7a do Grupo E da Copa Libertadores.<img decoding=\"async\" src=\"https:\/\/agenciabrasil.ebc.com.br\/ebc.png?id=1458092&amp;o=node\" \/><img decoding=\"async\" src=\"https:\/\/agenciabrasil.ebc.com.br\/ebc.gif?id=1458092&amp;o=node\" \/><\/p>\n<p>Ap\u00f3s este resultado o Tim\u00e3o chegou aos sete pontos, um a mais do que o Boca Juniors (Argentina), que bateu o Always Ready (Bol\u00edvia) fora de casa.<\/p>\n<p>Corinthians e Deportivo Cali fizeram um primeiro tempo movimentado, no qual C\u00e1ssio come\u00e7ou a se destacar aos 24 minutos, quando T\u00e9o Guti\u00e9rrez bateu forte da entrada da \u00e1rea para defesa do goleiro. Na etapa, a melhor oportunidade do Tim\u00e3o saiu dos p\u00e9s de Gustavo Mantuan, aos 37 minutos, quando o meio-campista chutou por cima do gol com muita liberdade.<\/p>\n<p>Mas o lance capital da partida aconteceu na etapa final, aos 21 minutos, quando T\u00e9o Guti\u00e9rrez cobrou p\u00eanalti e o goleiro C\u00e1ssio se esticou todo para fazer uma grande defesa.<\/p>\n<p>Minutos depois o lateral F\u00e1bio Santos ainda teve a oportunidade de garantir a vit\u00f3ria da equipe paulista, mas desperdi\u00e7ou cobran\u00e7a de p\u00eanalti.<\/p>\n<p>Ap\u00f3s o empate pela Libertadores o Corinthians se concentra no Brasileiro, onde mede for\u00e7as com o Bragantino no domingo (8). Na competi\u00e7\u00e3o sul-americana o Tim\u00e3o volta a jogar em 17 de maio, contra o Boca Juniors em Buenos Aires.<\/p>\n<p>Fonte: Ag\u00eancia Brasil<\/p>\n","protected":false},"excerpt":{"rendered":"<p>Com direito a defesa de p\u00eanalti do goleiro C\u00e1ssio, o Corinthians foi at\u00e9 a Col\u00f4mbia e segurou um empate sem gols com o Deportivo Cali, nesta quarta-feira (4) no est\u00e1dio Colosso de Palmaseca, para se manter na lideran\u00e7a do Grupo E da Copa Libertadores. Ap\u00f3s este resultado o Tim\u00e3o chegou aos sete pontos, um a [&hellip;]<\/p>\n","protected":false},"author":246,"featured_media":198541,"comment_status":"closed","ping_status":"closed","sticky":false,"template":"","format":"standard","meta":{"footnotes":""},"categories":[436,257,439],"tags":[],"class_list":["post-198540","post","type-post","status-publish","format-standard","has-post-thumbnail","hentry","category-destaque-da-semana","category-esporte","category-ultima-hora"],"_links":{"self":[{"href":"https:\/\/diarioregionaldigital.com.br\/index.php?rest_route=\/wp\/v2\/posts\/198540","targetHints":{"allow":["GET"]}}],"collection":[{"href":"https:\/\/diarioregionaldigital.com.br\/index.php?rest_route=\/wp\/v2\/posts"}],"about":[{"href":"https:\/\/diarioregionaldigital.com.br\/index.php?rest_route=\/wp\/v2\/types\/post"}],"author":[{"embeddable":true,"href":"https:\/\/diarioregionaldigital.com.br\/index.php?rest_route=\/wp\/v2\/users\/246"}],"replies":[{"embeddable":true,"href":"https:\/\/diarioregionaldigital.com.br\/index.php?rest_route=%2Fwp%2Fv2%2Fcomments&post=198540"}],"version-history":[{"count":1,"href":"https:\/\/diarioregionaldigital.com.br\/index.php?rest_route=\/wp\/v2\/posts\/198540\/revisions"}],"predecessor-version":[{"id":198542,"href":"https:\/\/diarioregionaldigital.com.br\/index.php?rest_route=\/wp\/v2\/posts\/198540\/revisions\/198542"}],"wp:featuredmedia":[{"embeddable":true,"href":"https:\/\/diarioregionaldigital.com.br\/index.php?rest_route=\/wp\/v2\/media\/198541"}],"wp:attachment":[{"href":"https:\/\/diarioregionaldigital.com.br\/index.php?rest_route=%2Fwp%2Fv2%2Fmedia&parent=198540"}],"wp:term":[{"taxonomy":"category","embeddable":true,"href":"https:\/\/diarioregionaldigital.com.br\/index.php?rest_route=%2Fwp%2Fv2%2Fcategories&post=198540"},{"taxonomy":"post_tag","embeddable":true,"href":"https:\/\/diarioregionaldigital.com.br\/index.php?rest_route=%2Fwp%2Fv2%2Ftags&post=198540"}],"curies":[{"name":"wp","href":"https:\/\/api.w.org\/{rel}","templated":true}]}}