{"id":198536,"date":"2022-05-05T16:21:58","date_gmt":"2022-05-05T19:21:58","guid":{"rendered":"https:\/\/diarioregionaldigital.com.br\/?p=198536"},"modified":"2022-05-05T16:21:58","modified_gmt":"2022-05-05T19:21:58","slug":"brasil-e-campeao-geral-do-pan-americano-de-taekwondo","status":"publish","type":"post","link":"https:\/\/diarioregionaldigital.com.br\/?p=198536","title":{"rendered":"Brasil \u00e9 campe\u00e3o geral do Pan-Americano de Taekwondo"},"content":{"rendered":"<p>O Brasil garantiu o t\u00edtulo geral do Campeonato Pan-Americano de Taekwondo, disputado em Punta Cana (Rep\u00fablica Dominicana), e que chegou ao fim nesta quarta-feira (4). A sele\u00e7\u00e3o brasileira conquistou ao todo 13 medalhas (seis ouros, tr\u00eas pratas e quatro bronzes), cumprindo a sua melhor campanha na hist\u00f3ria da competi\u00e7\u00e3o.<img decoding=\"async\" src=\"https:\/\/agenciabrasil.ebc.com.br\/ebc.png?id=1458097&amp;o=node\" \/><img decoding=\"async\" src=\"https:\/\/agenciabrasil.ebc.com.br\/ebc.gif?id=1458097&amp;o=node\" \/><\/p>\n<p>\u201cCoroamos esta bela campanha com 13 medalhas e a melhor campanha da hist\u00f3ria do Brasil nesta competi\u00e7\u00e3o. Gostaria de parabenizar a todos os atletas e membros da comiss\u00e3o t\u00e9cnica que trabalharam arduamente\u201d, declarou o chefe de equipe e diretor-t\u00e9cnico da Confedera\u00e7\u00e3o Brasileira de Taekwondo (CBTKD), Henrique Precioso.<\/p>\n<p>As seis medalhas douradas do Brasil na competi\u00e7\u00e3o ficaram com Milena Titoneli (categoria at\u00e9 67 kg), Edival Marques (at\u00e9 74 kg), Gabriel Fabre (at\u00e9 63 kg), Caroline Gomes (at\u00e9 62 kg), Icaro Miguel (at\u00e9 87 kg) e Paulo Melo (at\u00e9 54 kg).<\/p>\n<p>Fonte: Ag\u00eancia Brasil<\/p>\n","protected":false},"excerpt":{"rendered":"<p>O Brasil garantiu o t\u00edtulo geral do Campeonato Pan-Americano de Taekwondo, disputado em Punta Cana (Rep\u00fablica Dominicana), e que chegou ao fim nesta quarta-feira (4). A sele\u00e7\u00e3o brasileira conquistou ao todo 13 medalhas (seis ouros, tr\u00eas pratas e quatro bronzes), cumprindo a sua melhor campanha na hist\u00f3ria da competi\u00e7\u00e3o. \u201cCoroamos esta bela campanha com 13 [&hellip;]<\/p>\n","protected":false},"author":246,"featured_media":198537,"comment_status":"closed","ping_status":"closed","sticky":false,"template":"","format":"standard","meta":{"footnotes":""},"categories":[436,257,439],"tags":[],"class_list":["post-198536","post","type-post","status-publish","format-standard","has-post-thumbnail","hentry","category-destaque-da-semana","category-esporte","category-ultima-hora"],"_links":{"self":[{"href":"https:\/\/diarioregionaldigital.com.br\/index.php?rest_route=\/wp\/v2\/posts\/198536","targetHints":{"allow":["GET"]}}],"collection":[{"href":"https:\/\/diarioregionaldigital.com.br\/index.php?rest_route=\/wp\/v2\/posts"}],"about":[{"href":"https:\/\/diarioregionaldigital.com.br\/index.php?rest_route=\/wp\/v2\/types\/post"}],"author":[{"embeddable":true,"href":"https:\/\/diarioregionaldigital.com.br\/index.php?rest_route=\/wp\/v2\/users\/246"}],"replies":[{"embeddable":true,"href":"https:\/\/diarioregionaldigital.com.br\/index.php?rest_route=%2Fwp%2Fv2%2Fcomments&post=198536"}],"version-history":[{"count":2,"href":"https:\/\/diarioregionaldigital.com.br\/index.php?rest_route=\/wp\/v2\/posts\/198536\/revisions"}],"predecessor-version":[{"id":198539,"href":"https:\/\/diarioregionaldigital.com.br\/index.php?rest_route=\/wp\/v2\/posts\/198536\/revisions\/198539"}],"wp:featuredmedia":[{"embeddable":true,"href":"https:\/\/diarioregionaldigital.com.br\/index.php?rest_route=\/wp\/v2\/media\/198537"}],"wp:attachment":[{"href":"https:\/\/diarioregionaldigital.com.br\/index.php?rest_route=%2Fwp%2Fv2%2Fmedia&parent=198536"}],"wp:term":[{"taxonomy":"category","embeddable":true,"href":"https:\/\/diarioregionaldigital.com.br\/index.php?rest_route=%2Fwp%2Fv2%2Fcategories&post=198536"},{"taxonomy":"post_tag","embeddable":true,"href":"https:\/\/diarioregionaldigital.com.br\/index.php?rest_route=%2Fwp%2Fv2%2Ftags&post=198536"}],"curies":[{"name":"wp","href":"https:\/\/api.w.org\/{rel}","templated":true}]}}