{"id":198532,"date":"2022-05-05T16:20:23","date_gmt":"2022-05-05T19:20:23","guid":{"rendered":"https:\/\/diarioregionaldigital.com.br\/?p=198532"},"modified":"2022-05-05T16:20:23","modified_gmt":"2022-05-05T19:20:23","slug":"sul-americana-fluminense-derrota-junior-barranquilla-e-se-mantem-vivo","status":"publish","type":"post","link":"https:\/\/diarioregionaldigital.com.br\/?p=198532","title":{"rendered":"Sul-Americana: Fluminense derrota Junior Barranquilla e se mant\u00e9m vivo"},"content":{"rendered":"<p>O Fluminense derrotou o Junior Barranquilla (Col\u00f4mbia) por 2 a 1, nesta quarta-feira (4) no est\u00e1dio do Maracan\u00e3, e permaneceu vivo na luta por uma vaga nas oitavas de final da Copa Sul-Americana. A partida tamb\u00e9m marcou a estreia do t\u00e9cnico Fernando Diniz, que assumiu a equipe no lugar de Abel Braga.<img decoding=\"async\" src=\"https:\/\/agenciabrasil.ebc.com.br\/ebc.png?id=1458104&amp;o=node\" \/><img decoding=\"async\" src=\"https:\/\/agenciabrasil.ebc.com.br\/ebc.gif?id=1458104&amp;o=node\" \/><\/p>\n<p>Ap\u00f3s a vit\u00f3ria o Tricolor das Laranjeiras assumiu a vice-lideran\u00e7a do Grupo H com os mesmos sete pontos da equipe colombiana, que lidera a chave.<\/p>\n<p>O Triunfo do Fluminense come\u00e7ou a ser constru\u00edda cedo, aos quatro minutos. Yago Felipe cobrou escanteio e o meio-campista Paulo Henrique Ganso acertou uma meia-bicicleta para vencer o goleiro Sebasti\u00e1n Viera. Mesmo com a vantagem o time das Laranjeiras continuou valorizando a posse de bola e pressionando a defesa advers\u00e1ria (uma mudan\u00e7a de postura adotada por Fernando Diniz).<\/p>\n<p>Por\u00e9m, o in\u00edcio do segundo tempo foi marcado pela baixa rota\u00e7\u00e3o da equipe brasileira, o que permitiu que o Junior Barranquilla empatasse aos nove minutos com Borja.<\/p>\n<p>Com a igualdade no marcador Fernando Diniz come\u00e7ou a trocar as pe\u00e7as de sua equipe, optando por jogadores mais ofensivos, entre eles o veterano atacante Fred. E foi do camisa nove que saiu o passe para o gol decisivo de Luiz Henrique j\u00e1 aos 27 minutos.<\/p>\n<p>Ap\u00f3s a importante vit\u00f3ria na Sul-Americana o Fluminense se concentra no Brasileiro, onde enfrenta o Palmeiras fora de casa no domingo (8). O Tricolor volta a entrar em campo pela competi\u00e7\u00e3o continental em 19 de maio, quando pega o Uni\u00f3n Santa Fe (Argentina).<\/p>\n<p>Fonte: Ag\u00eancia Brasil<\/p>\n","protected":false},"excerpt":{"rendered":"<p>O Fluminense derrotou o Junior Barranquilla (Col\u00f4mbia) por 2 a 1, nesta quarta-feira (4) no est\u00e1dio do Maracan\u00e3, e permaneceu vivo na luta por uma vaga nas oitavas de final da Copa Sul-Americana. A partida tamb\u00e9m marcou a estreia do t\u00e9cnico Fernando Diniz, que assumiu a equipe no lugar de Abel Braga. Ap\u00f3s a vit\u00f3ria [&hellip;]<\/p>\n","protected":false},"author":246,"featured_media":198533,"comment_status":"closed","ping_status":"closed","sticky":false,"template":"","format":"standard","meta":{"footnotes":""},"categories":[436,257,439],"tags":[],"class_list":["post-198532","post","type-post","status-publish","format-standard","has-post-thumbnail","hentry","category-destaque-da-semana","category-esporte","category-ultima-hora"],"_links":{"self":[{"href":"https:\/\/diarioregionaldigital.com.br\/index.php?rest_route=\/wp\/v2\/posts\/198532","targetHints":{"allow":["GET"]}}],"collection":[{"href":"https:\/\/diarioregionaldigital.com.br\/index.php?rest_route=\/wp\/v2\/posts"}],"about":[{"href":"https:\/\/diarioregionaldigital.com.br\/index.php?rest_route=\/wp\/v2\/types\/post"}],"author":[{"embeddable":true,"href":"https:\/\/diarioregionaldigital.com.br\/index.php?rest_route=\/wp\/v2\/users\/246"}],"replies":[{"embeddable":true,"href":"https:\/\/diarioregionaldigital.com.br\/index.php?rest_route=%2Fwp%2Fv2%2Fcomments&post=198532"}],"version-history":[{"count":2,"href":"https:\/\/diarioregionaldigital.com.br\/index.php?rest_route=\/wp\/v2\/posts\/198532\/revisions"}],"predecessor-version":[{"id":198535,"href":"https:\/\/diarioregionaldigital.com.br\/index.php?rest_route=\/wp\/v2\/posts\/198532\/revisions\/198535"}],"wp:featuredmedia":[{"embeddable":true,"href":"https:\/\/diarioregionaldigital.com.br\/index.php?rest_route=\/wp\/v2\/media\/198533"}],"wp:attachment":[{"href":"https:\/\/diarioregionaldigital.com.br\/index.php?rest_route=%2Fwp%2Fv2%2Fmedia&parent=198532"}],"wp:term":[{"taxonomy":"category","embeddable":true,"href":"https:\/\/diarioregionaldigital.com.br\/index.php?rest_route=%2Fwp%2Fv2%2Fcategories&post=198532"},{"taxonomy":"post_tag","embeddable":true,"href":"https:\/\/diarioregionaldigital.com.br\/index.php?rest_route=%2Fwp%2Fv2%2Ftags&post=198532"}],"curies":[{"name":"wp","href":"https:\/\/api.w.org\/{rel}","templated":true}]}}