{"id":198528,"date":"2022-05-05T16:18:39","date_gmt":"2022-05-05T19:18:39","guid":{"rendered":"https:\/\/diarioregionaldigital.com.br\/?p=198528"},"modified":"2022-05-05T16:18:39","modified_gmt":"2022-05-05T19:18:39","slug":"surdolimpiada-brasil-conquista-bronzes-no-judo-e-na-natacao","status":"publish","type":"post","link":"https:\/\/diarioregionaldigital.com.br\/?p=198528","title":{"rendered":"Surdolimp\u00edada: Brasil conquista bronzes no jud\u00f4 e na nata\u00e7\u00e3o"},"content":{"rendered":"<p>O Brasil conquistou mais duas medalhas nesta quarta-feira (4) na 24\u00aa edi\u00e7\u00e3o da Surdolimp\u00edada de Ver\u00e3o, que est\u00e1 sendo disputada em Caxias do Sul. Elas vieram com o nadador Guilherme Maia e com o judoca Alexandre Fernandes.<img decoding=\"async\" src=\"https:\/\/agenciabrasil.ebc.com.br\/ebc.png?id=1458108&amp;o=node\" \/><img decoding=\"async\" src=\"https:\/\/agenciabrasil.ebc.com.br\/ebc.gif?id=1458108&amp;o=node\" \/><\/p>\n<p>A primeira conquista foi um bronze conquistado por Alexandre Fernandes na categoria at\u00e9 90 kg do jud\u00f4. O carioca de 33 anos ocupa um lugar especial na hist\u00f3ria da Surdolimp\u00edada de Ver\u00e3o, pois foi o primeiro brasileiro a garantir uma medalha na hist\u00f3ria da competi\u00e7\u00e3o, na edi\u00e7\u00e3o de 2009, em Taip\u00e9 (Taiwan).<\/p>\n<p>A outra medalha brasileira veio na nata\u00e7\u00e3o, e tamb\u00e9m foi um bronze, com o santista Guilherme Maia na prova dos 100 metros estilo livre com o tempo de 52s73.<\/p>\n<p>Para o atleta de 33 anos a conquista teve um sabor especial, pois foi alcan\u00e7ada com a presen\u00e7a de sua m\u00e3e, Andrea, na arquibancada: \u201cMinha m\u00e3e \u00e9 minha refer\u00eancia. Ela foi minha primeira professora de nata\u00e7\u00e3o e ainda \u00e9 minha maior incentivadora\u201d.<\/p>\n<p>Guilherme \u00e9 o maior medalhista brasileiro na hist\u00f3ria da Surdolimp\u00edada de Ver\u00e3o, com seis conquistas (um ouro, uma prata e quatro bronzes).<\/p>\n<h2>Vit\u00f3rias no v\u00f4lei<\/h2>\n<p>O Brasil tamb\u00e9m venceu nas partidas de v\u00f4lei. A equipe masculina bateu a Fran\u00e7a e a feminina superou o M\u00e9xico. J\u00e1 no basquete feminino, o time brasileiro foi batido pela Pol\u00f4nia de 10 a 125, enquanto a equipe masculina perdeu de 45 a 92 para a Ucr\u00e2nia. Outro rev\u00e9s do Brasil foi no handebol feminino, de 18 a 35 para a Turquia.<\/p>\n<h2>Futebol masculino<\/h2>\n<p>No futebol masculino o Brasil bateu a Holanda por 1 a 0. Al\u00e9m disso, a equipe brasileira foi beneficiada por uma decis\u00e3o do Comit\u00ea Internacional de Esportes para Surdos (ICSD) de alterar o resultado de seu jogo de estreia, contra Camar\u00f5es.<\/p>\n<p>Ap\u00f3s entender que a equipe do pa\u00eds africano quebrou o regulamento, a entidade decidiu mudar o placar da partida, que havia sido de vit\u00f3ria de 3 a 2 dos camaroneses (passando para 3 a 0 para o Brasil), e retirar os pontos de Camar\u00f5es.<\/p>\n<p>Com isso, o Brasil soma agora seis pontos e se tornou o terceiro colocado no Grupo B, atr\u00e1s de Ir\u00e3 e It\u00e1lia, que tamb\u00e9m somam 6 pontos, mas com saldo de gols melhor.<\/p>\n<p>Fonte: Ag\u00eancia Brasil<\/p>\n","protected":false},"excerpt":{"rendered":"<p>O Brasil conquistou mais duas medalhas nesta quarta-feira (4) na 24\u00aa edi\u00e7\u00e3o da Surdolimp\u00edada de Ver\u00e3o, que est\u00e1 sendo disputada em Caxias do Sul. Elas vieram com o nadador Guilherme Maia e com o judoca Alexandre Fernandes. A primeira conquista foi um bronze conquistado por Alexandre Fernandes na categoria at\u00e9 90 kg do jud\u00f4. O [&hellip;]<\/p>\n","protected":false},"author":246,"featured_media":198529,"comment_status":"closed","ping_status":"closed","sticky":false,"template":"","format":"standard","meta":{"footnotes":""},"categories":[436,440,257,439],"tags":[],"class_list":["post-198528","post","type-post","status-publish","format-standard","has-post-thumbnail","hentry","category-destaque-da-semana","category-destaques-do-dia","category-esporte","category-ultima-hora"],"_links":{"self":[{"href":"https:\/\/diarioregionaldigital.com.br\/index.php?rest_route=\/wp\/v2\/posts\/198528","targetHints":{"allow":["GET"]}}],"collection":[{"href":"https:\/\/diarioregionaldigital.com.br\/index.php?rest_route=\/wp\/v2\/posts"}],"about":[{"href":"https:\/\/diarioregionaldigital.com.br\/index.php?rest_route=\/wp\/v2\/types\/post"}],"author":[{"embeddable":true,"href":"https:\/\/diarioregionaldigital.com.br\/index.php?rest_route=\/wp\/v2\/users\/246"}],"replies":[{"embeddable":true,"href":"https:\/\/diarioregionaldigital.com.br\/index.php?rest_route=%2Fwp%2Fv2%2Fcomments&post=198528"}],"version-history":[{"count":2,"href":"https:\/\/diarioregionaldigital.com.br\/index.php?rest_route=\/wp\/v2\/posts\/198528\/revisions"}],"predecessor-version":[{"id":198531,"href":"https:\/\/diarioregionaldigital.com.br\/index.php?rest_route=\/wp\/v2\/posts\/198528\/revisions\/198531"}],"wp:featuredmedia":[{"embeddable":true,"href":"https:\/\/diarioregionaldigital.com.br\/index.php?rest_route=\/wp\/v2\/media\/198529"}],"wp:attachment":[{"href":"https:\/\/diarioregionaldigital.com.br\/index.php?rest_route=%2Fwp%2Fv2%2Fmedia&parent=198528"}],"wp:term":[{"taxonomy":"category","embeddable":true,"href":"https:\/\/diarioregionaldigital.com.br\/index.php?rest_route=%2Fwp%2Fv2%2Fcategories&post=198528"},{"taxonomy":"post_tag","embeddable":true,"href":"https:\/\/diarioregionaldigital.com.br\/index.php?rest_route=%2Fwp%2Fv2%2Ftags&post=198528"}],"curies":[{"name":"wp","href":"https:\/\/api.w.org\/{rel}","templated":true}]}}