{"id":198525,"date":"2022-05-05T16:15:38","date_gmt":"2022-05-05T19:15:38","guid":{"rendered":"https:\/\/diarioregionaldigital.com.br\/?p=198525"},"modified":"2022-05-05T16:15:38","modified_gmt":"2022-05-05T19:15:38","slug":"inaugurada-2a-companhia-de-bombeiros-militar-em-lagoa-santa-na-rmbh","status":"publish","type":"post","link":"https:\/\/diarioregionaldigital.com.br\/?p=198525","title":{"rendered":"Inaugurada 2\u00aa Companhia de Bombeiros Militar em Lagoa Santa, na RMBH"},"content":{"rendered":"<p>O Posto Avan\u00e7ado de Bombeiros, em Lagoa Santa, na Regi\u00e3o Metropolitana de Belo Horizonte (RMBH), foi elevado, nesta quarta-feira (4\/5), \u00e0 categoria de Companhia de Bombeiros Militar.<\/p>\n<p>A solenidade de inaugura\u00e7\u00e3o das novas instala\u00e7\u00f5es da 2\u00aa Companhia de Bombeiros Militar na cidade contou com a presen\u00e7a do governador Romeu Zema; do comandante-geral do\u00a0<a href=\"http:\/\/www.bombeiros.mg.gov.br\/\" target=\"_blank\" rel=\"noopener\">Corpo de Bombeiros Militar de Minas Gerais (CBMMG)<\/a>, coronel Edgard Estevo da Silva, al\u00e9m de lideran\u00e7as pol\u00edticas e autoridades militares e civis da regi\u00e3o.<\/p>\n<p>O governador ressaltou o trabalho do\u00a0<a href=\"http:\/\/www.mg.gov.br\/\" target=\"_blank\" rel=\"noopener\">Governo de Minas<\/a>\u00a0para entregar os mineiros um servi\u00e7o p\u00fablico de melhor qualidade.<\/p>\n<p>&#8220;Vamos salvar muitas vidas com todas as novas unidades do Corpo de Bombeiros que temos colocado em funcionamento em diversas regi\u00f5es do estado, como essa de Lagoa Santa. O mineiro merece um estado respons\u00e1vel, um estado que presta bons servi\u00e7os ao povo&#8221;, declarou Zema.<\/p>\n<p>A amplia\u00e7\u00e3o da capacidade de atua\u00e7\u00e3o est\u00e1 alinhada com o plano de crescimento da corpora\u00e7\u00e3o, promovendo, assim, o aumento da seguran\u00e7a e a diminui\u00e7\u00e3o do tempo de resposta no atendimento aos moradores nos diversos tipos de a\u00e7\u00f5es de emerg\u00eancia.<\/p>\n<p>&#8220;A presen\u00e7a do Corpo dos Bombeiros deve crescer 23% nesta gest\u00e3o. Em 2019, est\u00e1vamos em 73 munic\u00edpios e a expectativa \u00e9 chegar ao final do ano com at\u00e9 90 munic\u00edpios. \u00c9 um crescimento robusto para a corpora\u00e7\u00e3o. O Corpo de Bombeiros precisa estar cada vez mais pr\u00f3ximo da popula\u00e7\u00e3o, expandindo o seu atendimento e levando qualidade no atendimento prestado aos mineiros&#8221;, afirmou o coronel Edgard Estevo.<\/p>\n<p>A unidade funcionar\u00e1 ininterruptamente todos os dias da semana e, al\u00e9m de Lagoa Santa, ser\u00e1 respons\u00e1vel pelo atendimento em mais cinco munic\u00edpios da regi\u00e3o: Concei\u00e7\u00e3o do Mato Dentro, Congonhas do Norte, Jaboticatubas, Morro do Pilar e Santana do Riacho.<\/p>\n<p>&#8220;A Companhia do Corpo de Bombeiros em Lagoa Santa era uma demanda antiga. \u00c9 com orgulho que Lagoa Santa entra no mapa dessa corpora\u00e7\u00e3o. A unidade ser\u00e1 importante para a regi\u00e3o, j\u00e1 que a estrutura ser\u00e1 operacional para outras cidades do entorno&#8221;, disse o prefeito Rog\u00e9rio Avelar. \u2070<\/p>\n<p><strong>Meio ambiente e paleontologia<\/strong><\/p>\n<p>Lagoa Santa possui uma \u00e1rea de prote\u00e7\u00e3o ambiental com s\u00edtios arqueol\u00f3gicos, fauna e flora e grande acervo cultural a ser protegido, como o Parque Estadual do Sumidouro, parte do ref\u00fagio da vida silvestre de Maca\u00fabas, e ainda \u00e9 cortada pela rodovia MG-010, principal via de acesso ao Parque Nacional da Serra do Cip\u00f3.<\/p>\n<p>Al\u00e9m disso, a cidade ocupa relevante destaque no cen\u00e1rio mundial pelas contribui\u00e7\u00f5es hist\u00f3ricas encontradas em suas terras, tornando-se o ber\u00e7o de uma das maiores descobertas da paleontologia moderna, o \u201c Homem de Lagoa Santa\u201d, como foi batizado o conjunto de\u00a0f\u00f3sseis humanos<strong>,<\/strong>\u00a0e contribuindo para o entendimento sobre a origem do homem nas Am\u00e9ricas.<\/p>\n<p>Atualmente, Lagoa Santa possui uma popula\u00e7\u00e3o estimada de 66.744 habitantes, com concentra\u00e7\u00e3o de empresas do setor varejista e industrial nos mais diversos segmentos.<\/p>\n<p><strong>Entrega de t\u00edtulos<\/strong><\/p>\n<p>Durante a cerim\u00f4nia do Corpo de Bombeiros, o Governo de Minas, juntamente com a prefeitura de Lagoa Santa, entregou simbolicamente t\u00edtulos de regulariza\u00e7\u00e3o fundi\u00e1ria urbana (Minas Reurb). Ao todo, 108 fam\u00edlias que vivem na Vila Fagundes foram beneficiadas.<\/p>\n<p>A posse do im\u00f3vel garante seguran\u00e7a jur\u00eddica e a valoriza\u00e7\u00e3o imobili\u00e1ria, al\u00e9m de movimentar a economia ao permitir investimentos no im\u00f3vel.<\/p>\n<p><span style=\"font-weight: 400;\">Fonte: Ag\u00eancia Minas <\/span><\/p>\n","protected":false},"excerpt":{"rendered":"<p>O Posto Avan\u00e7ado de Bombeiros, em Lagoa Santa, na Regi\u00e3o Metropolitana de Belo Horizonte (RMBH), foi elevado, nesta quarta-feira (4\/5), \u00e0 categoria de Companhia de Bombeiros Militar. A solenidade de inaugura\u00e7\u00e3o das novas instala\u00e7\u00f5es da 2\u00aa Companhia de Bombeiros Militar na cidade contou com a presen\u00e7a do governador Romeu Zema; do comandante-geral do\u00a0Corpo de Bombeiros [&hellip;]<\/p>\n","protected":false},"author":246,"featured_media":198526,"comment_status":"closed","ping_status":"closed","sticky":false,"template":"","format":"standard","meta":{"footnotes":""},"categories":[436,254,439],"tags":[],"class_list":["post-198525","post","type-post","status-publish","format-standard","has-post-thumbnail","hentry","category-destaque-da-semana","category-politica","category-ultima-hora"],"_links":{"self":[{"href":"https:\/\/diarioregionaldigital.com.br\/index.php?rest_route=\/wp\/v2\/posts\/198525","targetHints":{"allow":["GET"]}}],"collection":[{"href":"https:\/\/diarioregionaldigital.com.br\/index.php?rest_route=\/wp\/v2\/posts"}],"about":[{"href":"https:\/\/diarioregionaldigital.com.br\/index.php?rest_route=\/wp\/v2\/types\/post"}],"author":[{"embeddable":true,"href":"https:\/\/diarioregionaldigital.com.br\/index.php?rest_route=\/wp\/v2\/users\/246"}],"replies":[{"embeddable":true,"href":"https:\/\/diarioregionaldigital.com.br\/index.php?rest_route=%2Fwp%2Fv2%2Fcomments&post=198525"}],"version-history":[{"count":1,"href":"https:\/\/diarioregionaldigital.com.br\/index.php?rest_route=\/wp\/v2\/posts\/198525\/revisions"}],"predecessor-version":[{"id":198527,"href":"https:\/\/diarioregionaldigital.com.br\/index.php?rest_route=\/wp\/v2\/posts\/198525\/revisions\/198527"}],"wp:featuredmedia":[{"embeddable":true,"href":"https:\/\/diarioregionaldigital.com.br\/index.php?rest_route=\/wp\/v2\/media\/198526"}],"wp:attachment":[{"href":"https:\/\/diarioregionaldigital.com.br\/index.php?rest_route=%2Fwp%2Fv2%2Fmedia&parent=198525"}],"wp:term":[{"taxonomy":"category","embeddable":true,"href":"https:\/\/diarioregionaldigital.com.br\/index.php?rest_route=%2Fwp%2Fv2%2Fcategories&post=198525"},{"taxonomy":"post_tag","embeddable":true,"href":"https:\/\/diarioregionaldigital.com.br\/index.php?rest_route=%2Fwp%2Fv2%2Ftags&post=198525"}],"curies":[{"name":"wp","href":"https:\/\/api.w.org\/{rel}","templated":true}]}}