{"id":198521,"date":"2022-05-05T16:13:12","date_gmt":"2022-05-05T19:13:12","guid":{"rendered":"https:\/\/diarioregionaldigital.com.br\/?p=198521"},"modified":"2022-05-05T16:13:12","modified_gmt":"2022-05-05T19:13:12","slug":"governador-lanca-pedra-fundamental-da-nova-sede-do-colegio-tiradentes-em-sao-joao-del-rei","status":"publish","type":"post","link":"https:\/\/diarioregionaldigital.com.br\/?p=198521","title":{"rendered":"Governador lan\u00e7a pedra fundamental da nova sede do Col\u00e9gio Tiradentes em S\u00e3o Jo\u00e3o del-Rei"},"content":{"rendered":"<p>O governador Romeu Zema participou, nesta quinta-feira (5\/5), em S\u00e3o Jo\u00e3o del-Rei, no Campo das Vertentes, do lan\u00e7amento da pedra fundamental da nova sede do Col\u00e9gio Tiradentes, que ser\u00e1 constru\u00eddo na \u00e1rea central da cidade e gerido pela\u00a0<a href=\"http:\/\/www.policiamilitar.mg.gov.br\/\" target=\"_blank\" rel=\"noopener\">Pol\u00edcia Militar de Minas Gerais (PMMG)<\/a>. O evento marca o in\u00edcio das obras, que devem ser conclu\u00eddas no segundo semestre de 2023.<\/p>\n<p>A cerim\u00f4nia foi realizada no terreno de 11 mil metros quadrados, doado pela Prefeitura de S\u00e3o Jo\u00e3o del-Rei, onde ser\u00e1 constru\u00edda a escola, no bairro Vila Beliz\u00e1rio. O governador tamb\u00e9m acompanhou o lan\u00e7amento da C\u00e1psula do Tempo, que conta com desenhos e cartas de alunos sobre o que esperam do futuro, uma ata que marca a cerim\u00f4nia de hoje e uma c\u00f3pia do projeto da escola.<\/p>\n<p>O governador agradeceu \u00e0 prefeitura pela doa\u00e7\u00e3o do terreno e destacou o investimento para a educa\u00e7\u00e3o. \u201cVamos investir mais de R$ 17 milh\u00f5es nessa obra que vai melhorar ainda mais o ensino que j\u00e1 \u00e9 de alta qualidade, al\u00e9m de aumentar o n\u00famero de alunos atendidos. \u00c9 uma oportunidade para as fam\u00edlias conseguirem vaga em um col\u00e9gio respeitado e que \u00e9 refer\u00eancia em todo o Estado. Vale ressaltar, que nas \u00faltimas avalia\u00e7\u00f5es do \u00cdndice de Desenvolvimento da Educa\u00e7\u00e3o B\u00e1sica (Ideb), a escola tem recebido boas notas e se mantido nas melhores coloca\u00e7\u00f5es no estado\u201d, disse.<\/p>\n<p>O Governo de Minas, por meio da\u00a0<a href=\"http:\/\/www.educacao.mg.gov.br\/\" target=\"_blank\" rel=\"noopener\">Secretaria de Estado de Educa\u00e7\u00e3o (SEE)<\/a>, vai investir R$ 17,2 milh\u00f5es para a realiza\u00e7\u00e3o das obras e na compra de mobili\u00e1rios.<\/p>\n<p><strong>Col\u00e9gios<\/strong><\/p>\n<p>Minas conta, atualmente, com 30 col\u00e9gios geridos pela Pol\u00edcia Militar. S\u00e3o Jo\u00e3o del-Rei tem uma unidade que foi criada em novembro de 2016 e \u00e9 a \u00fanica da cidade. Hoje, as aulas da institui\u00e7\u00e3o acontecem no Batalh\u00e3o da PM do munic\u00edpio, atendendo 320 alunos, distribu\u00eddos no ensino fundamental e m\u00e9dio, nos turnos manh\u00e3 e noite. S\u00e3o atendidos 210 dependentes de militares estaduais e de funcion\u00e1rios civis da PM e outros 110 alunos n\u00e3o s\u00e3o filhos de militares estaduais.<\/p>\n<p>A nova sede do col\u00e9gio ter\u00e1 12 salas de aulas e atender\u00e1 385 alunos, o que representa um aumento de 20% na atual capacidade de atendimento.\u00a0 O comandante-geral da PMMG, coronel Rodrigo Sousa Rodrigues, que tamb\u00e9m acompanhou a solenidade, disse que a nova unidade do col\u00e9gio vai impactar no futuro da cidade. \u201cEstamos vivenciando, neste momento, um ato solene que significa uma mudan\u00e7a que vai trazer um grande legado para a cidade e vai impactar as pr\u00f3ximas gera\u00e7\u00f5es\u201d, afirmou.<\/p>\n<p><strong>Investimentos na educa\u00e7\u00e3o<\/strong><\/p>\n<p>O munic\u00edpio de S\u00e3o Jo\u00e3o del-Rei j\u00e1 \u00e9 contemplado com investimentos de programas do Governo de Minas. No projeto M\u00e3os \u00e0 Obra na Escola, quatro escolas estaduais da cidade foram contempladas, somando R$ 283 mil.\u00a0 Al\u00e9m disso, na regi\u00e3o, s\u00e3o 12 obras para nove escolas, totalizando R$ 1,3 milh\u00e3o de investimentos.<\/p>\n<p>O governador ressaltou tamb\u00e9m o programa Trilhas de\u00a0Futuro, outra a\u00e7\u00e3o do Governo de Minas que visa qualificar a m\u00e3o de obra no estado. \u201cAcredito muito na educa\u00e7\u00e3o. Estamos agora com a segunda fase do Trilhas do Futuro, que oferecer\u00e1 mais de 40 mil vagas de ensino profissionalizante em escolas particulares, com complemento de aux\u00edlio transporte e alimenta\u00e7\u00e3o. Precisamos ter pessoas capacitadas e qualificadas para desenvolver o estado\u201d, destacou o governador.<\/p>\n<p><strong>Carteiras<\/strong><\/p>\n<p>As escolas da cidade tamb\u00e9m receberam R$ 2,3 milh\u00f5es destinados \u00e0 compra de mobili\u00e1rios e equipamentos diversos e mais R$ 1,1 milh\u00e3o para a aquisi\u00e7\u00e3o de carteiras de alunos e professores.\u00a0Para as escolas da regi\u00e3o tamb\u00e9m foram empenhados R$ 6 milh\u00f5es para compra de mobili\u00e1rios e equipamentos diversos.<\/p>\n<p>Al\u00e9m disso, no ano passado, o governador esteve na cidade e anunciou o repasse de R$ 62,5 milh\u00f5es para a Universidade Federal de S\u00e3o Jo\u00e3o del-Rei (UFSJ). Os recursos ser\u00e3o destinados para a realiza\u00e7\u00e3o de obras, compra de mobili\u00e1rios e equipamentos.<\/p>\n<p><strong>Reuni\u00e3o com o Crea-MG<\/strong><\/p>\n<p>Ainda em S\u00e3o Jo\u00e3o del-Rei, o governador participa na parte da tarde da reuni\u00e3o Plen\u00e1ria do Conselho Regional de Engenharia e Agronomia de Minas Gerais (Crea-MG), realizada na UFSJ. O encontro tem como objetivo deliberar e debater sobre assuntos que envolvam as profiss\u00f5es da engenharia, da agronomia e das geoci\u00eancias. Participam do encontro o presidente do Crea-MG, Lucio Fernando Borges, a diretoria e os 106 conselheiros da institui\u00e7\u00e3o, representando todas as regi\u00f5es do estado.<\/p>\n<p><strong>Visita ao Athletic<\/strong><\/p>\n<p>O governador tamb\u00e9m visitar\u00e1 as instala\u00e7\u00f5es do Athletic Club, incluindo o est\u00e1dio Joaquim Portugal, onde disputa suas partidas como mandante. O clube de futebol \u00e9 o atual campe\u00e3o do interior e fez uma campanha de destaque no Campeonato Mineiro de 2022, ficando em segundo lugar na competi\u00e7\u00e3o na fase classificat\u00f3ria e chegando \u00e0 semifinal da competi\u00e7\u00e3o, se consagrando com o t\u00edtulo de campe\u00e3o do Interior.<\/p>\n<p>Fundado em 1909, \u00e9 atualmente o \u00fanico time da regi\u00e3o que disputa a elite do futebol mineiro.<\/p>\n<p>Fonte: Ag\u00eancia Minas<\/p>\n","protected":false},"excerpt":{"rendered":"<p>O governador Romeu Zema participou, nesta quinta-feira (5\/5), em S\u00e3o Jo\u00e3o del-Rei, no Campo das Vertentes, do lan\u00e7amento da pedra fundamental da nova sede do Col\u00e9gio Tiradentes, que ser\u00e1 constru\u00eddo na \u00e1rea central da cidade e gerido pela\u00a0Pol\u00edcia Militar de Minas Gerais (PMMG). O evento marca o in\u00edcio das obras, que devem ser conclu\u00eddas no [&hellip;]<\/p>\n","protected":false},"author":246,"featured_media":198522,"comment_status":"closed","ping_status":"closed","sticky":false,"template":"","format":"standard","meta":{"footnotes":""},"categories":[436,254,439],"tags":[],"class_list":["post-198521","post","type-post","status-publish","format-standard","has-post-thumbnail","hentry","category-destaque-da-semana","category-politica","category-ultima-hora"],"_links":{"self":[{"href":"https:\/\/diarioregionaldigital.com.br\/index.php?rest_route=\/wp\/v2\/posts\/198521","targetHints":{"allow":["GET"]}}],"collection":[{"href":"https:\/\/diarioregionaldigital.com.br\/index.php?rest_route=\/wp\/v2\/posts"}],"about":[{"href":"https:\/\/diarioregionaldigital.com.br\/index.php?rest_route=\/wp\/v2\/types\/post"}],"author":[{"embeddable":true,"href":"https:\/\/diarioregionaldigital.com.br\/index.php?rest_route=\/wp\/v2\/users\/246"}],"replies":[{"embeddable":true,"href":"https:\/\/diarioregionaldigital.com.br\/index.php?rest_route=%2Fwp%2Fv2%2Fcomments&post=198521"}],"version-history":[{"count":2,"href":"https:\/\/diarioregionaldigital.com.br\/index.php?rest_route=\/wp\/v2\/posts\/198521\/revisions"}],"predecessor-version":[{"id":198524,"href":"https:\/\/diarioregionaldigital.com.br\/index.php?rest_route=\/wp\/v2\/posts\/198521\/revisions\/198524"}],"wp:featuredmedia":[{"embeddable":true,"href":"https:\/\/diarioregionaldigital.com.br\/index.php?rest_route=\/wp\/v2\/media\/198522"}],"wp:attachment":[{"href":"https:\/\/diarioregionaldigital.com.br\/index.php?rest_route=%2Fwp%2Fv2%2Fmedia&parent=198521"}],"wp:term":[{"taxonomy":"category","embeddable":true,"href":"https:\/\/diarioregionaldigital.com.br\/index.php?rest_route=%2Fwp%2Fv2%2Fcategories&post=198521"},{"taxonomy":"post_tag","embeddable":true,"href":"https:\/\/diarioregionaldigital.com.br\/index.php?rest_route=%2Fwp%2Fv2%2Ftags&post=198521"}],"curies":[{"name":"wp","href":"https:\/\/api.w.org\/{rel}","templated":true}]}}