{"id":198514,"date":"2022-05-05T16:09:38","date_gmt":"2022-05-05T19:09:38","guid":{"rendered":"https:\/\/diarioregionaldigital.com.br\/?p=198514"},"modified":"2022-05-05T16:09:38","modified_gmt":"2022-05-05T19:09:38","slug":"programa-agua-doce-pad-da-inicio-as-obras-para-tratamento-de-agua-no-semiarido-de-minas-gerais","status":"publish","type":"post","link":"https:\/\/diarioregionaldigital.com.br\/?p=198514","title":{"rendered":"Programa \u00c1gua Doce (PAD) d\u00e1 in\u00edcio \u00e0s obras para tratamento de \u00e1gua no semi\u00e1rido de Minas Gerais"},"content":{"rendered":"<p>A \u00e1gua de qualidade, pr\u00f3pria para o consumo, est\u00e1 prestes a se tornar realidade para 28 mil pessoas no semi\u00e1rido de Minas Gerais. O Programa \u00c1gua Doce (PAD), parceria conveniada entre os governos federal e estadual, d\u00e1 in\u00edcio \u00e0s obras de implanta\u00e7\u00e3o do sistema para recupera\u00e7\u00e3o de po\u00e7os e constru\u00e7\u00e3o de esta\u00e7\u00f5es de dessaliniza\u00e7\u00e3o de \u00e1gua, tornando-a apta ao consumo humano.<\/p>\n<p>As comunidades Vila do Cristino e Ingazeira, no munic\u00edpio de Mato Verde, no Norte de Minas, s\u00e3o as primeiras a receber as obras, que ir\u00e3o beneficiar 140 fam\u00edlias. At\u00e9 o final de 2022, a previs\u00e3o \u00e9 de que as interven\u00e7\u00f5es sejam feitas para 69 comunidades, levando \u00e1gua de qualidade a 28 mil pessoas, em 26 munic\u00edpios do semi\u00e1rido mineiro. \u201cO sistema de dessaliniza\u00e7\u00e3o implantado pelo PAD \u00e9 uma das melhores tecnologias existentes no mundo para a remo\u00e7\u00e3o de sal da \u00e1gua\u201d, garante o subsecret\u00e1rio de Gest\u00e3o Ambiental e Saneamento, Rodrigo Franco.<\/p>\n<p>O dessalinizador utiliza o processo de osmose inversa, no qual membranas semiperme\u00e1veis, que funcionam como um filtro, retiram da \u00e1gua salobra ou salina a quantidade de sais impr\u00f3pria para consumo humano, produzindo dois efluentes, o permeado (\u00e1gua dessalinizada) e o concentrado. Cada sistema pode produzir at\u00e9 14.400 litros de \u00e1gua dessalinizada por dia.<\/p>\n<p>Por meio desta tecnologia, as esta\u00e7\u00f5es implantadas nas comunidades v\u00e3o permitir o tratamento da \u00e1gua nas regi\u00f5es, tornando-as de qualidade e aptas para o consumo humano, levando em considera\u00e7\u00e3o os aspectos sociais, ambientais e t\u00e9cnicos. \u201cAs obras duram, em m\u00e9dia, de 30 a 40 dias para serem finalizadas e s\u00e3o feitas para comunidades com baixos \u00edndices de IDH e pluviometria, com \u00edndice de mortalidade infantil preocupante e com pouca, ou nenhuma, op\u00e7\u00e3o de acesso a \u00e1gua, muito menos pot\u00e1vel\u201d, diz o coordenador do PAD em Minas e capit\u00e3o da Pol\u00edcia Militar, Jos\u00e9 Ocimar de Andrade Junior.<\/p>\n<p><strong>O programa<\/strong><\/p>\n<p>Coordenado pela\u00a0<a href=\"http:\/\/www.meioambiente.mg.gov.br\/\" target=\"_blank\" rel=\"noopener\">Secretaria de Estado de Meio Ambiente e Desenvolvimento Sustent\u00e1vel (Semad)<\/a>, por meio Subsecretaria de Gest\u00e3o Ambiental e Saneamento (Suges), e pela Defesa Civil, o Programa \u00c1gua Doce \u00e9 uma iniciativa do Minist\u00e9rio do Desenvolvimento Regional (MDR), do Governo Federal, e visa a implementa\u00e7\u00e3o de tecnologias alternativas para atender, prioritariamente, as popula\u00e7\u00f5es de baixa renda do semi\u00e1rido brasileiro, tendo em vista que cerca de 70% dos po\u00e7os da regi\u00e3o semi\u00e1rida do Brasil apresentam \u00e1guas salobras ou salinas, e a \u00e1gua subterr\u00e2nea, muitas vezes, \u00e9 a \u00fanica fonte dispon\u00edvel para as comunidades.<\/p>\n<p>Para execu\u00e7\u00e3o do programa em Minas Gerais, o Estado firmou conv\u00eanio com a uni\u00e3o em 2012, mas somente em 2020, o programa saiu do papel. O PAD conta com investimento no R$ 25.354.231,27 sendo R$ 15.449.809,80 provenientes do MDR, e R$ 9.904.421,47 disponibilizados pelo\u00a0<a href=\"https:\/\/www.mg.gov.br\/\" target=\"_blank\" rel=\"noopener\">Governo de Minas<\/a>. No fim do ano de 2021 foi aprovado pelo atual governo o aumento do valor de contrapartida do Estado, passando de R$ 1.544.980,97 para R$9.904.421,47, garantindo a execu\u00e7\u00e3o das obras.<\/p>\n<p><strong>Etapas<\/strong><\/p>\n<p>Para primeira etapa do programa, a Semad formalizou, em agosto de 2020, a contrata\u00e7\u00e3o de diagn\u00f3sticos socioambientais em comunidades mineiras com vistas \u00e0 aplica\u00e7\u00e3o da metodologia PAD.<\/p>\n<p>A segunda etapa, finalizada recentemente, foram os chamados testes de vaz\u00e3o em po\u00e7os tubulares das comunidades beneficiadas. Nesse processo, foi feita a an\u00e1lise f\u00edsico-qu\u00edmica e bacteriol\u00f3gica das \u00e1guas dos po\u00e7os, o que envolve a avalia\u00e7\u00e3o de mais de 50 subst\u00e2ncias contidas na \u00e1gua. \u201cEm todas as etapas, a popula\u00e7\u00e3o participou ativamente e acompanhou cada a\u00e7\u00e3o. Agora, est\u00e3o todos ansiosos para o resultado final\u201d, comenta o coordenador do PAD em Minas e capit\u00e3o da Pol\u00edcia Militar, Jos\u00e9 Ocimar de Andrade Junior. A fase final do projeto prev\u00ea monitoramento e manuten\u00e7\u00e3o das esta\u00e7\u00f5es, com visitas t\u00e9cnicas sendo realizadas periodicamente.<\/p>\n<p>Fonte: Ag\u00eancia Minas<\/p>\n","protected":false},"excerpt":{"rendered":"<p>A \u00e1gua de qualidade, pr\u00f3pria para o consumo, est\u00e1 prestes a se tornar realidade para 28 mil pessoas no semi\u00e1rido de Minas Gerais. O Programa \u00c1gua Doce (PAD), parceria conveniada entre os governos federal e estadual, d\u00e1 in\u00edcio \u00e0s obras de implanta\u00e7\u00e3o do sistema para recupera\u00e7\u00e3o de po\u00e7os e constru\u00e7\u00e3o de esta\u00e7\u00f5es de dessaliniza\u00e7\u00e3o de [&hellip;]<\/p>\n","protected":false},"author":246,"featured_media":198515,"comment_status":"closed","ping_status":"closed","sticky":false,"template":"","format":"standard","meta":{"footnotes":""},"categories":[436,440,254,439],"tags":[],"class_list":["post-198514","post","type-post","status-publish","format-standard","has-post-thumbnail","hentry","category-destaque-da-semana","category-destaques-do-dia","category-politica","category-ultima-hora"],"_links":{"self":[{"href":"https:\/\/diarioregionaldigital.com.br\/index.php?rest_route=\/wp\/v2\/posts\/198514","targetHints":{"allow":["GET"]}}],"collection":[{"href":"https:\/\/diarioregionaldigital.com.br\/index.php?rest_route=\/wp\/v2\/posts"}],"about":[{"href":"https:\/\/diarioregionaldigital.com.br\/index.php?rest_route=\/wp\/v2\/types\/post"}],"author":[{"embeddable":true,"href":"https:\/\/diarioregionaldigital.com.br\/index.php?rest_route=\/wp\/v2\/users\/246"}],"replies":[{"embeddable":true,"href":"https:\/\/diarioregionaldigital.com.br\/index.php?rest_route=%2Fwp%2Fv2%2Fcomments&post=198514"}],"version-history":[{"count":2,"href":"https:\/\/diarioregionaldigital.com.br\/index.php?rest_route=\/wp\/v2\/posts\/198514\/revisions"}],"predecessor-version":[{"id":198517,"href":"https:\/\/diarioregionaldigital.com.br\/index.php?rest_route=\/wp\/v2\/posts\/198514\/revisions\/198517"}],"wp:featuredmedia":[{"embeddable":true,"href":"https:\/\/diarioregionaldigital.com.br\/index.php?rest_route=\/wp\/v2\/media\/198515"}],"wp:attachment":[{"href":"https:\/\/diarioregionaldigital.com.br\/index.php?rest_route=%2Fwp%2Fv2%2Fmedia&parent=198514"}],"wp:term":[{"taxonomy":"category","embeddable":true,"href":"https:\/\/diarioregionaldigital.com.br\/index.php?rest_route=%2Fwp%2Fv2%2Fcategories&post=198514"},{"taxonomy":"post_tag","embeddable":true,"href":"https:\/\/diarioregionaldigital.com.br\/index.php?rest_route=%2Fwp%2Fv2%2Ftags&post=198514"}],"curies":[{"name":"wp","href":"https:\/\/api.w.org\/{rel}","templated":true}]}}