{"id":198510,"date":"2022-05-05T16:06:17","date_gmt":"2022-05-05T19:06:17","guid":{"rendered":"https:\/\/diarioregionaldigital.com.br\/?p=198510"},"modified":"2022-05-05T16:06:17","modified_gmt":"2022-05-05T19:06:17","slug":"bndes-vai-investir-em-projetos-de-saneamento-e-cisternas-em-escolas","status":"publish","type":"post","link":"https:\/\/diarioregionaldigital.com.br\/?p=198510","title":{"rendered":"BNDES vai investir em projetos de saneamento e cisternas em escolas"},"content":{"rendered":"<p>O Banco Nacional de Desenvolvimento Econ\u00f4mico e Social (BNDES)\u00a0<a href=\"https:\/\/www.bndes.gov.br\/wps\/portal\/site\/home\/onde-atuamos\/saneamento-nas-escolas-marajo-pa\/!ut\/p\/z0\/hY07DsIwEETPQpHSWgsCiDL8BYmQqIIbtAkmOMS7AZvf7TEcAKrRaGbegIIcFOHdVOgNEzbB79Rgn47Ws2W8kelivu3JpJ9m03E86Mn-EFagfhcCwdSXi0pAlUxePz3kBR202xty3vhb-X2K5ImtjiSHSKC_oWUXSYek0WryLAid0K7kJqjFK9YsWvzQu9dsklWgWvQnYejIkP-dtWdVvB5J5w2WhWlv\/\" target=\"_blank\" rel=\"noopener\">lan\u00e7ou um edital<\/a>\u00a0convocando a iniciativa privada a participar do\u00a0<em>machfunding<\/em>\u00a0voltado ao financiamento de obras de saneamento b\u00e1sico em 460 escolas de 16 munic\u00edpios da Ilha de Maraj\u00f3.<img decoding=\"async\" src=\"https:\/\/agenciabrasil.ebc.com.br\/ebc.png?id=1458068&amp;o=node\" \/><img decoding=\"async\" src=\"https:\/\/agenciabrasil.ebc.com.br\/ebc.gif?id=1458068&amp;o=node\" \/><\/p>\n<p>Pela modalidade\u00a0<em>machfunding<\/em>, o banco doar\u00e1 R$1 para cada R$1 do setor privado. No total, devem ser investidos R$ 40 milh\u00f5es na iniciativa. As informa\u00e7\u00f5es s\u00e3o do diretor de cr\u00e9dito produtivo e socioambiental do BNDES, Bruno Aranha, entrevistado do programa\u00a0<em>A Voz do Brasil<\/em>\u00a0desta quarta-feira (4): \u201cEsse \u00e9 um piloto que vai gerar uma boa experi\u00eancia que poder\u00e1 ser ampliado sobretudo para a Regi\u00e3o Norte do Brasil\u201d.<\/p>\n<p>Outro projeto do BNDES, dessa vez em parceria com a Funda\u00e7\u00e3o Banco do Brasil, vai levar cisternas a mais de duas mil escolas da Regi\u00e3o Nordeste. Cada institui\u00e7\u00e3o investir\u00e1 R$ 20 milh\u00f5es.<\/p>\n<p>\u201cA nossa inten\u00e7\u00e3o \u00e9 trazer a iniciativa privada para que ela doe mais R$ 16 milh\u00f5es e, com isso, as 3 mil escolas que na Regi\u00e3o Nordeste n\u00e3o t\u00eam \u00e1gua passem a ter\u201d, disse Aranha.<\/p>\n<p>Outros R$ 160 milh\u00f5es ser\u00e3o doados por meio do Fundo Socioambiental em parceria com a iniciativa privada. O dinheiro ser\u00e1 empregado na melhoria da qualidade do ensino p\u00fablico b\u00e1sico do Brasil. \u201cO que a gente planeja \u00e9 sempre caminhar em conjunto com a iniciativa privada nesses projetos\u201d, disse o diretor do BNDES.<\/p>\n<p>Estados e munic\u00edpios podem apresentar projetos para a melhoria da qualidade de ensino, da capacita\u00e7\u00e3o dos professores, da infraestrutura das escolas e do material b\u00e1sico. No projeto deve ser identificado qual o parceiro privado que investir\u00e1 junto com o BNDES.<\/p>\n<p>O diretor do BNDES falou tamb\u00e9m sobre educa\u00e7\u00e3o conectada e bioeconomia na Amaz\u00f4nia.<\/p>\n<p>Fonte: Ag\u00eancia Brasil<\/p>\n","protected":false},"excerpt":{"rendered":"<p>O Banco Nacional de Desenvolvimento Econ\u00f4mico e Social (BNDES)\u00a0lan\u00e7ou um edital\u00a0convocando a iniciativa privada a participar do\u00a0machfunding\u00a0voltado ao financiamento de obras de saneamento b\u00e1sico em 460 escolas de 16 munic\u00edpios da Ilha de Maraj\u00f3. Pela modalidade\u00a0machfunding, o banco doar\u00e1 R$1 para cada R$1 do setor privado. No total, devem ser investidos R$ 40 milh\u00f5es na [&hellip;]<\/p>\n","protected":false},"author":246,"featured_media":198512,"comment_status":"closed","ping_status":"closed","sticky":false,"template":"","format":"standard","meta":{"footnotes":""},"categories":[436,261,439],"tags":[],"class_list":["post-198510","post","type-post","status-publish","format-standard","has-post-thumbnail","hentry","category-destaque-da-semana","category-economia","category-ultima-hora"],"_links":{"self":[{"href":"https:\/\/diarioregionaldigital.com.br\/index.php?rest_route=\/wp\/v2\/posts\/198510","targetHints":{"allow":["GET"]}}],"collection":[{"href":"https:\/\/diarioregionaldigital.com.br\/index.php?rest_route=\/wp\/v2\/posts"}],"about":[{"href":"https:\/\/diarioregionaldigital.com.br\/index.php?rest_route=\/wp\/v2\/types\/post"}],"author":[{"embeddable":true,"href":"https:\/\/diarioregionaldigital.com.br\/index.php?rest_route=\/wp\/v2\/users\/246"}],"replies":[{"embeddable":true,"href":"https:\/\/diarioregionaldigital.com.br\/index.php?rest_route=%2Fwp%2Fv2%2Fcomments&post=198510"}],"version-history":[{"count":1,"href":"https:\/\/diarioregionaldigital.com.br\/index.php?rest_route=\/wp\/v2\/posts\/198510\/revisions"}],"predecessor-version":[{"id":198513,"href":"https:\/\/diarioregionaldigital.com.br\/index.php?rest_route=\/wp\/v2\/posts\/198510\/revisions\/198513"}],"wp:featuredmedia":[{"embeddable":true,"href":"https:\/\/diarioregionaldigital.com.br\/index.php?rest_route=\/wp\/v2\/media\/198512"}],"wp:attachment":[{"href":"https:\/\/diarioregionaldigital.com.br\/index.php?rest_route=%2Fwp%2Fv2%2Fmedia&parent=198510"}],"wp:term":[{"taxonomy":"category","embeddable":true,"href":"https:\/\/diarioregionaldigital.com.br\/index.php?rest_route=%2Fwp%2Fv2%2Fcategories&post=198510"},{"taxonomy":"post_tag","embeddable":true,"href":"https:\/\/diarioregionaldigital.com.br\/index.php?rest_route=%2Fwp%2Fv2%2Ftags&post=198510"}],"curies":[{"name":"wp","href":"https:\/\/api.w.org\/{rel}","templated":true}]}}