{"id":198507,"date":"2022-05-05T16:04:54","date_gmt":"2022-05-05T19:04:54","guid":{"rendered":"https:\/\/diarioregionaldigital.com.br\/?p=198507"},"modified":"2022-05-05T16:04:54","modified_gmt":"2022-05-05T19:04:54","slug":"energia-solar-deve-responder-por-17-da-matriz-brasileira-ate-2031","status":"publish","type":"post","link":"https:\/\/diarioregionaldigital.com.br\/?p=198507","title":{"rendered":"Energia solar deve responder por 17% da matriz brasileira at\u00e9 2031"},"content":{"rendered":"<p>O ministro de Minas e Energia, Bento Albuquerque, disse hoje (5) que at\u00e9 2031, a energia solar deve ser respons\u00e1vel por 17% da matriz brasileira. De acordo com o ministro, atualmente as fontes fotovoltaicas correspondem a 7,7% da eletricidade gerada no pa\u00eds.<img decoding=\"async\" src=\"https:\/\/agenciabrasil.ebc.com.br\/ebc.png?id=1458165&amp;o=node\" \/><img decoding=\"async\" src=\"https:\/\/agenciabrasil.ebc.com.br\/ebc.gif?id=1458165&amp;o=node\" \/><\/p>\n<p>\u201cNo ano passado, a gera\u00e7\u00e3o distribu\u00edda no Brasil foi a quarta em crescimento no mundo, superada apenas por pa\u00edses como Estados Unidos, China e \u00cdndia. Eu acho que n\u00f3s estamos muito bem posicionados\u201d, acrescentou\u00a0 o ministro ao falar na abertura de um semin\u00e1rio promovido pela Ag\u00eancia Nacional de Energia El\u00e9trica (Aneel). A gera\u00e7\u00e3o distribu\u00edda \u00e9 a forma de produ\u00e7\u00e3o de energia feita, em geral, pelos pr\u00f3prios consumidores, como as resid\u00eancias ou empresas que possuem placas para gera\u00e7\u00e3o de energia solar.<\/p>\n<p>Em rela\u00e7\u00e3o a energia e\u00f3lica, Bento Albuquerque explicou que a previs\u00e3o \u00e9 manter ao longo da pr\u00f3xima d\u00e9cada o percentual de 11% de presen\u00e7a na matriz energ\u00e9tica do pais. \u201cA gera\u00e7\u00e3o e\u00f3lica cresceu 330% desde 2014. E \u00e9 atualmente respons\u00e1vel por mais de 11% da nossa matriz el\u00e9trica\u201d.<\/p>\n<h2>Leil\u00e3o<\/h2>\n<p>Albuquerque confirmou que deve acontecer em junho o leil\u00e3o de concess\u00e3o para constru\u00e7\u00e3o de linhas e instala\u00e7\u00f5es de transmiss\u00e3o de energia. Ser\u00e3o leiloados 13 lotes que abrangem 13 estados, com uma previs\u00e3o de R$ 15,3 bilh\u00f5es em investimentos e a instala\u00e7\u00e3o de 4,5 mil quil\u00f4metros em linhas de transmiss\u00e3o.<\/p>\n<p>Fonte: Ag\u00eancia Brasil<\/p>\n","protected":false},"excerpt":{"rendered":"<p>O ministro de Minas e Energia, Bento Albuquerque, disse hoje (5) que at\u00e9 2031, a energia solar deve ser respons\u00e1vel por 17% da matriz brasileira. De acordo com o ministro, atualmente as fontes fotovoltaicas correspondem a 7,7% da eletricidade gerada no pa\u00eds. \u201cNo ano passado, a gera\u00e7\u00e3o distribu\u00edda no Brasil foi a quarta em crescimento [&hellip;]<\/p>\n","protected":false},"author":246,"featured_media":198508,"comment_status":"closed","ping_status":"closed","sticky":false,"template":"","format":"standard","meta":{"footnotes":""},"categories":[436,261,439],"tags":[],"class_list":["post-198507","post","type-post","status-publish","format-standard","has-post-thumbnail","hentry","category-destaque-da-semana","category-economia","category-ultima-hora"],"_links":{"self":[{"href":"https:\/\/diarioregionaldigital.com.br\/index.php?rest_route=\/wp\/v2\/posts\/198507","targetHints":{"allow":["GET"]}}],"collection":[{"href":"https:\/\/diarioregionaldigital.com.br\/index.php?rest_route=\/wp\/v2\/posts"}],"about":[{"href":"https:\/\/diarioregionaldigital.com.br\/index.php?rest_route=\/wp\/v2\/types\/post"}],"author":[{"embeddable":true,"href":"https:\/\/diarioregionaldigital.com.br\/index.php?rest_route=\/wp\/v2\/users\/246"}],"replies":[{"embeddable":true,"href":"https:\/\/diarioregionaldigital.com.br\/index.php?rest_route=%2Fwp%2Fv2%2Fcomments&post=198507"}],"version-history":[{"count":2,"href":"https:\/\/diarioregionaldigital.com.br\/index.php?rest_route=\/wp\/v2\/posts\/198507\/revisions"}],"predecessor-version":[{"id":198511,"href":"https:\/\/diarioregionaldigital.com.br\/index.php?rest_route=\/wp\/v2\/posts\/198507\/revisions\/198511"}],"wp:featuredmedia":[{"embeddable":true,"href":"https:\/\/diarioregionaldigital.com.br\/index.php?rest_route=\/wp\/v2\/media\/198508"}],"wp:attachment":[{"href":"https:\/\/diarioregionaldigital.com.br\/index.php?rest_route=%2Fwp%2Fv2%2Fmedia&parent=198507"}],"wp:term":[{"taxonomy":"category","embeddable":true,"href":"https:\/\/diarioregionaldigital.com.br\/index.php?rest_route=%2Fwp%2Fv2%2Fcategories&post=198507"},{"taxonomy":"post_tag","embeddable":true,"href":"https:\/\/diarioregionaldigital.com.br\/index.php?rest_route=%2Fwp%2Fv2%2Ftags&post=198507"}],"curies":[{"name":"wp","href":"https:\/\/api.w.org\/{rel}","templated":true}]}}