{"id":198504,"date":"2022-05-05T16:03:35","date_gmt":"2022-05-05T19:03:35","guid":{"rendered":"https:\/\/diarioregionaldigital.com.br\/?p=198504"},"modified":"2022-05-05T16:03:35","modified_gmt":"2022-05-05T19:03:35","slug":"indicador-de-emprego-da-fgv-avanca-45-pontos-em-abril","status":"publish","type":"post","link":"https:\/\/diarioregionaldigital.com.br\/?p=198504","title":{"rendered":"Indicador de emprego da FGV avan\u00e7a 4,5 pontos em abril"},"content":{"rendered":"<p>O Indicador Antecedente de Emprego (Iaemp), medido pela Funda\u00e7\u00e3o Getulio Vargas (FGV), avan\u00e7ou 4,5 pontos de mar\u00e7o para abril deste ano. Com o resultado, o indicador atingiu 79,5 pontos, o maior n\u00edvel desde dezembro de 2021 (81,8 pontos).<img decoding=\"async\" src=\"https:\/\/agenciabrasil.ebc.com.br\/ebc.png?id=1458121&amp;o=node\" \/><img decoding=\"async\" src=\"https:\/\/agenciabrasil.ebc.com.br\/ebc.gif?id=1458121&amp;o=node\" \/><\/p>\n<p>O Iaemp antecipa tend\u00eancias do mercado de trabalho, com base em entrevistas com consumidores e com empres\u00e1rios dos setores da ind\u00fastria e de servi\u00e7os.<\/p>\n<p>Segundo a FGV, em abril os sete componentes do Iaemp contribu\u00edram para a alta do indicador, com destaque para a situa\u00e7\u00e3o atual dos neg\u00f3cios dos servi\u00e7os (alta de 1,6 ponto) e da ind\u00fastria (alta de 1,2 ponto).<\/p>\n<p>Fonte: Ag\u00eancia Brasil<\/p>\n","protected":false},"excerpt":{"rendered":"<p>O Indicador Antecedente de Emprego (Iaemp), medido pela Funda\u00e7\u00e3o Getulio Vargas (FGV), avan\u00e7ou 4,5 pontos de mar\u00e7o para abril deste ano. Com o resultado, o indicador atingiu 79,5 pontos, o maior n\u00edvel desde dezembro de 2021 (81,8 pontos). O Iaemp antecipa tend\u00eancias do mercado de trabalho, com base em entrevistas com consumidores e com empres\u00e1rios [&hellip;]<\/p>\n","protected":false},"author":246,"featured_media":198505,"comment_status":"closed","ping_status":"closed","sticky":false,"template":"","format":"standard","meta":{"footnotes":""},"categories":[436,261,439],"tags":[],"class_list":["post-198504","post","type-post","status-publish","format-standard","has-post-thumbnail","hentry","category-destaque-da-semana","category-economia","category-ultima-hora"],"_links":{"self":[{"href":"https:\/\/diarioregionaldigital.com.br\/index.php?rest_route=\/wp\/v2\/posts\/198504","targetHints":{"allow":["GET"]}}],"collection":[{"href":"https:\/\/diarioregionaldigital.com.br\/index.php?rest_route=\/wp\/v2\/posts"}],"about":[{"href":"https:\/\/diarioregionaldigital.com.br\/index.php?rest_route=\/wp\/v2\/types\/post"}],"author":[{"embeddable":true,"href":"https:\/\/diarioregionaldigital.com.br\/index.php?rest_route=\/wp\/v2\/users\/246"}],"replies":[{"embeddable":true,"href":"https:\/\/diarioregionaldigital.com.br\/index.php?rest_route=%2Fwp%2Fv2%2Fcomments&post=198504"}],"version-history":[{"count":1,"href":"https:\/\/diarioregionaldigital.com.br\/index.php?rest_route=\/wp\/v2\/posts\/198504\/revisions"}],"predecessor-version":[{"id":198506,"href":"https:\/\/diarioregionaldigital.com.br\/index.php?rest_route=\/wp\/v2\/posts\/198504\/revisions\/198506"}],"wp:featuredmedia":[{"embeddable":true,"href":"https:\/\/diarioregionaldigital.com.br\/index.php?rest_route=\/wp\/v2\/media\/198505"}],"wp:attachment":[{"href":"https:\/\/diarioregionaldigital.com.br\/index.php?rest_route=%2Fwp%2Fv2%2Fmedia&parent=198504"}],"wp:term":[{"taxonomy":"category","embeddable":true,"href":"https:\/\/diarioregionaldigital.com.br\/index.php?rest_route=%2Fwp%2Fv2%2Fcategories&post=198504"},{"taxonomy":"post_tag","embeddable":true,"href":"https:\/\/diarioregionaldigital.com.br\/index.php?rest_route=%2Fwp%2Fv2%2Ftags&post=198504"}],"curies":[{"name":"wp","href":"https:\/\/api.w.org\/{rel}","templated":true}]}}