{"id":198500,"date":"2022-05-05T16:01:56","date_gmt":"2022-05-05T19:01:56","guid":{"rendered":"https:\/\/diarioregionaldigital.com.br\/?p=198500"},"modified":"2022-05-05T16:01:56","modified_gmt":"2022-05-05T19:01:56","slug":"entidades-se-manifestam-apos-anuncio-de-aumento-da-selic","status":"publish","type":"post","link":"https:\/\/diarioregionaldigital.com.br\/?p=198500","title":{"rendered":"Entidades se manifestam ap\u00f3s an\u00fancio de aumento da Selic"},"content":{"rendered":"<p>Entidades e federa\u00e7\u00f5es se manifestaram sobre a decis\u00e3o do Comit\u00ea de Pol\u00edtica Monet\u00e1ria do Banco Central (Copom) de ajustar a taxa b\u00e1sica de juros (Selic) em um ponto percentual, de 11,75% para 12,75% ao ano.<img decoding=\"async\" src=\"https:\/\/agenciabrasil.ebc.com.br\/ebc.png?id=1458077&amp;o=node\" \/><img decoding=\"async\" src=\"https:\/\/agenciabrasil.ebc.com.br\/ebc.gif?id=1458077&amp;o=node\" \/><\/p>\n<p>A Confedera\u00e7\u00e3o Nacional da Ind\u00fastria (CNI) considerou \u201cequivocada\u201d a decis\u00e3o. Para a confedera\u00e7\u00e3o, a taxa anterior j\u00e1 era suficiente para garantir uma trajet\u00f3ria de queda da infla\u00e7\u00e3o nos pr\u00f3ximos meses, argumentando que a alta leva tempo para restringir a atividade e, consequentemente, segurar a alta dos pre\u00e7os.<\/p>\n<p>\u201cEste novo aumento da taxa de juros deve comprometer ainda mais a atividade econ\u00f4mica, que j\u00e1 d\u00e1 claros sinais de fraqueza. Para a ind\u00fastria, a intensifica\u00e7\u00e3o do ritmo de aperto da pol\u00edtica monet\u00e1ria piora as expectativas para o crescimento econ\u00f4mico em 2022, com efeitos adversos sobre a produ\u00e7\u00e3o, o consumo e o emprego\u201d, disse o presidente da CNI, Robson Braga de Andrade, em nota divulgada pela entidade.<\/p>\n<p>Ainda segundo avalia\u00e7\u00e3o da CNI, a expectativa de infla\u00e7\u00e3o cadente e a trajet\u00f3ria incerta de recupera\u00e7\u00e3o da atividade econ\u00f4mica demandam uma pol\u00edtica monet\u00e1ria mais moderada e atenta aos desafios de crescimento do Brasil no curto prazo.<\/p>\n<p>J\u00e1 a Federa\u00e7\u00e3o das Ind\u00fastrias do Rio de Janeiro (Firjan) considera que, apesar de esperado, o d\u00e9cimo aumento consecutivo da Selic \u00e9 \u201cineficiente e pouco efetivo no controle do n\u00edvel de pre\u00e7os neste momento\u201d.<\/p>\n<p>De acordo com a entidade, a atividade econ\u00f4mica j\u00e1 tem sentido os efeitos do in\u00edcio do ciclo de alta da taxa de juros, contudo a infla\u00e7\u00e3o n\u00e3o tem dado sinais de abrandamento. \u201cA desorganiza\u00e7\u00e3o das cadeias de produ\u00e7\u00e3o, provocada pela pandemia de covid-19, e os impactos derivados da guerra na Ucr\u00e2nia refor\u00e7am que a infla\u00e7\u00e3o adv\u00e9m de choques externos e tempor\u00e1rios de oferta, e n\u00e3o de demanda. A nova alta de juros penaliza ainda mais o n\u00edvel de atividade e refor\u00e7a a perspectiva de desacelera\u00e7\u00e3o econ\u00f4mica em 2022\u201d, avaliou a Firjan.<\/p>\n<p>A federa\u00e7\u00e3o disse ainda que \u201cnesse contexto, vale ressaltar que os gargalos da cadeia de insumos mostraram a necessidade de diversificar fornecedores e fortalecer ind\u00fastrias estrat\u00e9gicas, trazendo a urg\u00eancia de pol\u00edticas de longo prazo para a ind\u00fastria. Al\u00e9m disso, as incertezas relacionadas ao arcabou\u00e7o fiscal mant\u00eam elevada a percep\u00e7\u00e3o de risco nas contas p\u00fablicas, que continuam sendo fator de risco para a economia brasileira\u201d.<\/p>\n<p>Ainda em nota, a Firjan voltou a afirmar a necessidade de reformas que sinalizem equil\u00edbrio nas contas p\u00fablicas, e classificou a medida como \u201cimpreter\u00edvel\u201d para a retomada do crescimento sustent\u00e1vel.<\/p>\n<p>Fonte: Ag\u00eancia Brasil<\/p>\n","protected":false},"excerpt":{"rendered":"<p>Entidades e federa\u00e7\u00f5es se manifestaram sobre a decis\u00e3o do Comit\u00ea de Pol\u00edtica Monet\u00e1ria do Banco Central (Copom) de ajustar a taxa b\u00e1sica de juros (Selic) em um ponto percentual, de 11,75% para 12,75% ao ano. A Confedera\u00e7\u00e3o Nacional da Ind\u00fastria (CNI) considerou \u201cequivocada\u201d a decis\u00e3o. Para a confedera\u00e7\u00e3o, a taxa anterior j\u00e1 era suficiente para [&hellip;]<\/p>\n","protected":false},"author":246,"featured_media":198501,"comment_status":"closed","ping_status":"closed","sticky":false,"template":"","format":"standard","meta":{"footnotes":""},"categories":[436,440,261,439],"tags":[],"class_list":["post-198500","post","type-post","status-publish","format-standard","has-post-thumbnail","hentry","category-destaque-da-semana","category-destaques-do-dia","category-economia","category-ultima-hora"],"_links":{"self":[{"href":"https:\/\/diarioregionaldigital.com.br\/index.php?rest_route=\/wp\/v2\/posts\/198500","targetHints":{"allow":["GET"]}}],"collection":[{"href":"https:\/\/diarioregionaldigital.com.br\/index.php?rest_route=\/wp\/v2\/posts"}],"about":[{"href":"https:\/\/diarioregionaldigital.com.br\/index.php?rest_route=\/wp\/v2\/types\/post"}],"author":[{"embeddable":true,"href":"https:\/\/diarioregionaldigital.com.br\/index.php?rest_route=\/wp\/v2\/users\/246"}],"replies":[{"embeddable":true,"href":"https:\/\/diarioregionaldigital.com.br\/index.php?rest_route=%2Fwp%2Fv2%2Fcomments&post=198500"}],"version-history":[{"count":2,"href":"https:\/\/diarioregionaldigital.com.br\/index.php?rest_route=\/wp\/v2\/posts\/198500\/revisions"}],"predecessor-version":[{"id":198503,"href":"https:\/\/diarioregionaldigital.com.br\/index.php?rest_route=\/wp\/v2\/posts\/198500\/revisions\/198503"}],"wp:featuredmedia":[{"embeddable":true,"href":"https:\/\/diarioregionaldigital.com.br\/index.php?rest_route=\/wp\/v2\/media\/198501"}],"wp:attachment":[{"href":"https:\/\/diarioregionaldigital.com.br\/index.php?rest_route=%2Fwp%2Fv2%2Fmedia&parent=198500"}],"wp:term":[{"taxonomy":"category","embeddable":true,"href":"https:\/\/diarioregionaldigital.com.br\/index.php?rest_route=%2Fwp%2Fv2%2Fcategories&post=198500"},{"taxonomy":"post_tag","embeddable":true,"href":"https:\/\/diarioregionaldigital.com.br\/index.php?rest_route=%2Fwp%2Fv2%2Ftags&post=198500"}],"curies":[{"name":"wp","href":"https:\/\/api.w.org\/{rel}","templated":true}]}}