{"id":198497,"date":"2022-05-05T00:38:37","date_gmt":"2022-05-05T03:38:37","guid":{"rendered":"https:\/\/diarioregionaldigital.com.br\/?p=198497"},"modified":"2022-05-05T00:38:37","modified_gmt":"2022-05-05T03:38:37","slug":"palavras-comovem-testemunhos-arrastam-05-05-2022","status":"publish","type":"post","link":"https:\/\/diarioregionaldigital.com.br\/?p=198497","title":{"rendered":"Palavras Comovem Testemunhos Arrastam &#8211; 05\/05\/2022"},"content":{"rendered":"<p>Meu caro leitor \u00e9 com alegria que novamente estamos chegando at\u00e9 voc\u00ea para mais uma edi\u00e7\u00e3o de palavras comovem mas testemunhos arrastam. Bem sei de sua expectativa para ler os testemunhos aqui apresentados. Hoje teremos dois belos testemunhos. Vamos ao primeiro testemunho:<\/p>\n<p>Devota de s\u00e3o Judas Tadeu: Sou de Caratinga mg. Em 2002 vivi uma experi\u00eancia de f\u00e9 e me tornei devota de S\u00e3o Judas Tadeu, quando meu filho de 6 anos foi internado no hospital com uma febre muito alta e nada de melhora, os m\u00e9dicos disseram que era s\u00f3 um milagre pois, a febre estava alt\u00edssima e n baixava,\u00a0 fiquei sem ch\u00e3o no mesmo dia voltando em casa, passei em frente \u00e0 igreja, e resolvi fazer uma visita ao Sant\u00edssimo e quando me ajoelhei, e vi no banco estava v\u00e1rios santinho daquelas correntes de ora\u00e7\u00e3o, peguei, vi que era de s\u00e3o Judas Tadeu,\u00a0 e santo Expedito , uma corrente de ora\u00e7\u00e3o rezei v\u00e1rias vezes, era uma ora\u00e7\u00e3o\u00a0 muito poderosa senti no cora\u00e7\u00e3o que algo iria acontecer, levei aquela ora\u00e7\u00e3o comigo, e imediatamente quando voltei ao hospital me deram a not\u00edcia, meu filho estava respondendo aos medicamentos, colocaram dreno para retirada do l\u00edquido\u00a0 do pulm\u00e3o, e a febre foi baixando ficou internado17 dias de muita luta, aconteceu o milagre. Hoje s\u00f3 tenho a agradecer a Deus, pela intercess\u00e3o de S\u00e3o Judas Tadeu e santo Expedito, os santos das causas imposs\u00edveis justas e urgentes.,\u00a0 Hoje meu filho tem 25 anos\u00a0 casado e muito feliz, Da\u00ed me tornei devota e s\u00f3 tenho que agradecer por\u00a0 tantas gra\u00e7as recebidas, pela intercess\u00e3o de s\u00e3o Judas Tadeu e Santo Expedito. Obrigada ao padre Erelis e a todos do grupo de S\u00e3o Judas Tadeu. Vamos ao segundo testemunho: sou devota de s\u00e3o Judas Tadeu alguns dias atr\u00e1s liguei para o padre Erelis pedindo ora\u00e7\u00f5es pelo Nathan que estava internado o padre fez a ora\u00e7\u00e3o de s\u00e3o Judas Tadeu por ele e disse que iria me adicionar no grupo de S\u00e3o Judas Tadeu\u00a0 l\u00e1 todos rezaram pela cura do Nathan hoje dia 25 de Abril estou passando para agradecer a todos as ora\u00e7\u00f5es Nathan que acabou de ter alta Estamos indo pra casa<\/p>\n<p>Obrigada padre pelas ora\u00e7\u00f5es e a S\u00e3o Judas Tadeu por tantas b\u00ean\u00e7\u00e3os.<\/p>\n<p>Vejam como milagres acontecem.<\/p>\n<p>Convido voc\u00ea para participar da missa\u00a0 de S\u00e3o Judas Tadeu das causas imposs\u00edveis clamando a miseric\u00f3rdia de Jesus por sa\u00fade e liberta\u00e7\u00e3o toda quartas feiras \u00e0s 19h na igreja de Santa Rita e do ter\u00e7o todos os dias\u00a0 \u00e0s 15h; \u00e0s\u00a0 20e30h; \u00e0s 22h pelo Youtube e Facebook do Santu\u00e1rio virtual S\u00e3o Judas Tadeu. svsaojudastadeu.com; \u00e0s 06h e 23h pelo WhatszApp; \u00e0s 12 pelo Google Meet\u00a0 Deixo o n\u00famero do meu celular para me ligarem quando precisar de uma ora\u00e7\u00e3o 988652609 se eu n\u00e3o atender na hora eu retornarei assim que eu ver a liga\u00e7\u00e3o.<\/p>\n","protected":false},"excerpt":{"rendered":"<p>Meu caro leitor \u00e9 com alegria que novamente estamos chegando at\u00e9 voc\u00ea para mais uma edi\u00e7\u00e3o de palavras comovem mas testemunhos arrastam. Bem sei de sua expectativa para ler os testemunhos aqui apresentados. Hoje teremos dois belos testemunhos. Vamos ao primeiro testemunho: Devota de s\u00e3o Judas Tadeu: Sou de Caratinga mg. Em 2002 vivi uma [&hellip;]<\/p>\n","protected":false},"author":96,"featured_media":0,"comment_status":"closed","ping_status":"closed","sticky":false,"template":"","format":"standard","meta":{"footnotes":""},"categories":[1245],"tags":[],"class_list":["post-198497","post","type-post","status-publish","format-standard","hentry","category-padre-erelis"],"_links":{"self":[{"href":"https:\/\/diarioregionaldigital.com.br\/index.php?rest_route=\/wp\/v2\/posts\/198497","targetHints":{"allow":["GET"]}}],"collection":[{"href":"https:\/\/diarioregionaldigital.com.br\/index.php?rest_route=\/wp\/v2\/posts"}],"about":[{"href":"https:\/\/diarioregionaldigital.com.br\/index.php?rest_route=\/wp\/v2\/types\/post"}],"author":[{"embeddable":true,"href":"https:\/\/diarioregionaldigital.com.br\/index.php?rest_route=\/wp\/v2\/users\/96"}],"replies":[{"embeddable":true,"href":"https:\/\/diarioregionaldigital.com.br\/index.php?rest_route=%2Fwp%2Fv2%2Fcomments&post=198497"}],"version-history":[{"count":1,"href":"https:\/\/diarioregionaldigital.com.br\/index.php?rest_route=\/wp\/v2\/posts\/198497\/revisions"}],"predecessor-version":[{"id":198498,"href":"https:\/\/diarioregionaldigital.com.br\/index.php?rest_route=\/wp\/v2\/posts\/198497\/revisions\/198498"}],"wp:attachment":[{"href":"https:\/\/diarioregionaldigital.com.br\/index.php?rest_route=%2Fwp%2Fv2%2Fmedia&parent=198497"}],"wp:term":[{"taxonomy":"category","embeddable":true,"href":"https:\/\/diarioregionaldigital.com.br\/index.php?rest_route=%2Fwp%2Fv2%2Fcategories&post=198497"},{"taxonomy":"post_tag","embeddable":true,"href":"https:\/\/diarioregionaldigital.com.br\/index.php?rest_route=%2Fwp%2Fv2%2Ftags&post=198497"}],"curies":[{"name":"wp","href":"https:\/\/api.w.org\/{rel}","templated":true}]}}