{"id":198489,"date":"2022-05-04T20:03:45","date_gmt":"2022-05-04T23:03:45","guid":{"rendered":"https:\/\/diarioregionaldigital.com.br\/?p=198489"},"modified":"2022-05-04T20:03:45","modified_gmt":"2022-05-04T23:03:45","slug":"parque-municipal-tem-programacao-em-comemoracao-ao-dia-das-maes","status":"publish","type":"post","link":"https:\/\/diarioregionaldigital.com.br\/?p=198489","title":{"rendered":"Parque Municipal tem programa\u00e7\u00e3o em comemora\u00e7\u00e3o ao Dia das M\u00e3es"},"content":{"rendered":"<p>Segundo informa\u00e7\u00f5es do site da Prefeitura de Juiz de Fora, neste s\u00e1bado, 7, o Parque Municipal vai homenagear as m\u00e3es da nossa cidade, com um evento especial em comemora\u00e7\u00e3o ao Dia das M\u00e3es. A programa\u00e7\u00e3o vai durar toda a manh\u00e3 e ir\u00e1 contar com aula de yoga, orienta\u00e7\u00e3o gestacional, de amamenta\u00e7\u00e3o e primeiros socorros com beb\u00eas e crian\u00e7as, al\u00e9m de aferi\u00e7\u00e3o de press\u00e3o, glicemia e IMC. A abertura dos port\u00f5es ser\u00e1 \u00e0s 8h, sendo obrigat\u00f3rio a comprova\u00e7\u00e3o da vacina contra a Covid-19.<br \/>\nA celebra\u00e7\u00e3o tem como objetivo a intera\u00e7\u00e3o entre as m\u00e3es, com promo\u00e7\u00e3o ao lazer e \u00e0 sa\u00fade, inclus\u00e3o social e acesso \u00e0s estruturas que o parque oferece enquanto espa\u00e7o p\u00fablico. O evento tamb\u00e9m tem como foco as gestantes, j\u00e1 que o projeto de \u201cGin\u00e1stica para Gestantes\u201d ser\u00e1 lan\u00e7ado em breve pelo Parque Municipal e as inscri\u00e7\u00f5es j\u00e1 estar\u00e3o abertas durante todo o dia.<br \/>\nO coordenador de Esportes do Parque Municipal, Bruno Carreira, destaca o projeto e a iniciativa do evento como in\u00edcio de demais projetos. \u201cA a\u00e7\u00e3o \u00e9 para comemorar o dia das m\u00e3es e promover o lazer e bem estar das visitantes, principalmente as que est\u00e3o na fase gestacional, j\u00e1 que tamb\u00e9m vamos lan\u00e7ar o projeto de gin\u00e1stica para gestantes, de forma totalmente gratuita.\u201d<br \/>\n<strong>Confira a programa\u00e7\u00e3o completa do Parque Municipal neste s\u00e1bado, 7:<\/strong><br \/>\n<strong>8h<\/strong>\u00a0&#8211; Abertura dos Port\u00f5es<\/p>\n<p>&nbsp;<\/p>\n<p><strong>9h \u00e0s 10h<\/strong>\u00a0&#8211; Roda de Conversa e Orienta\u00e7\u00e3o Gestacional com a Associa\u00e7\u00e3o de Doulas de Juiz de Fora<\/p>\n<p>&nbsp;<\/p>\n<p><strong>10h \u00e0s 11h<\/strong>\u00a0&#8211; Aula de Yoga com \u00c9rika Senra, no m\u00e9todo &#8220;Pot\u00eancia na Maturidade&#8221;, em parceria com a Secretaria de Turismo (N\u00e3o esque\u00e7a de trazer seu colchonete, canga ou toalha)<\/p>\n<p>&nbsp;<\/p>\n<p><strong>9h30 \u00e0s 12h30<\/strong>\u00a0&#8211; Orienta\u00e7\u00e3o de Amamenta\u00e7\u00e3o e Primeiros Socorros com beb\u00eas e<\/p>\n<p>crian\u00e7as<\/p>\n<p>&nbsp;<\/p>\n<p><strong>09h30 \u00e0s 12h30<\/strong>\u00a0&#8211; Cuidados com a Gestante<\/p>\n<p>&nbsp;<\/p>\n<p><strong>09h30 \u00e0s 12h30<\/strong>\u00a0&#8211; Aferi\u00e7\u00e3o de Press\u00e3o, Glicemia e IMC<\/p>\n<p>&nbsp;<\/p>\n<p>O Parque Municipal est\u00e1 localizado na rua do Contorno 8, no bairro Nova Calif\u00f3rnia, e funciona das 8h \u00e0s 17h, permitindo a entrada de visitantes at\u00e9 \u00e0s 16h. A entrada s\u00f3 \u00e9 permitida mediante a apresenta\u00e7\u00e3o do cart\u00e3o de vacina contra a Covid-19 ou aplicativo ConectSus.<\/p>\n","protected":false},"excerpt":{"rendered":"<p>Segundo informa\u00e7\u00f5es do site da Prefeitura de Juiz de Fora, neste s\u00e1bado, 7, o Parque Municipal vai homenagear as m\u00e3es da nossa cidade, com um evento especial em comemora\u00e7\u00e3o ao Dia das M\u00e3es. A programa\u00e7\u00e3o vai durar toda a manh\u00e3 e ir\u00e1 contar com aula de yoga, orienta\u00e7\u00e3o gestacional, de amamenta\u00e7\u00e3o e primeiros socorros com [&hellip;]<\/p>\n","protected":false},"author":246,"featured_media":198490,"comment_status":"closed","ping_status":"closed","sticky":false,"template":"","format":"standard","meta":{"footnotes":""},"categories":[253,436,439],"tags":[],"class_list":["post-198489","post","type-post","status-publish","format-standard","has-post-thumbnail","hentry","category-cidade","category-destaque-da-semana","category-ultima-hora"],"_links":{"self":[{"href":"https:\/\/diarioregionaldigital.com.br\/index.php?rest_route=\/wp\/v2\/posts\/198489","targetHints":{"allow":["GET"]}}],"collection":[{"href":"https:\/\/diarioregionaldigital.com.br\/index.php?rest_route=\/wp\/v2\/posts"}],"about":[{"href":"https:\/\/diarioregionaldigital.com.br\/index.php?rest_route=\/wp\/v2\/types\/post"}],"author":[{"embeddable":true,"href":"https:\/\/diarioregionaldigital.com.br\/index.php?rest_route=\/wp\/v2\/users\/246"}],"replies":[{"embeddable":true,"href":"https:\/\/diarioregionaldigital.com.br\/index.php?rest_route=%2Fwp%2Fv2%2Fcomments&post=198489"}],"version-history":[{"count":1,"href":"https:\/\/diarioregionaldigital.com.br\/index.php?rest_route=\/wp\/v2\/posts\/198489\/revisions"}],"predecessor-version":[{"id":198491,"href":"https:\/\/diarioregionaldigital.com.br\/index.php?rest_route=\/wp\/v2\/posts\/198489\/revisions\/198491"}],"wp:featuredmedia":[{"embeddable":true,"href":"https:\/\/diarioregionaldigital.com.br\/index.php?rest_route=\/wp\/v2\/media\/198490"}],"wp:attachment":[{"href":"https:\/\/diarioregionaldigital.com.br\/index.php?rest_route=%2Fwp%2Fv2%2Fmedia&parent=198489"}],"wp:term":[{"taxonomy":"category","embeddable":true,"href":"https:\/\/diarioregionaldigital.com.br\/index.php?rest_route=%2Fwp%2Fv2%2Fcategories&post=198489"},{"taxonomy":"post_tag","embeddable":true,"href":"https:\/\/diarioregionaldigital.com.br\/index.php?rest_route=%2Fwp%2Fv2%2Ftags&post=198489"}],"curies":[{"name":"wp","href":"https:\/\/api.w.org\/{rel}","templated":true}]}}