{"id":198485,"date":"2022-05-04T20:01:08","date_gmt":"2022-05-04T23:01:08","guid":{"rendered":"https:\/\/diarioregionaldigital.com.br\/?p=198485"},"modified":"2022-05-04T20:01:08","modified_gmt":"2022-05-04T23:01:08","slug":"prefeitura-ilumina-paco-municipal-e-morro-do-cristo-de-amarelo-em-defesa-do-transit","status":"publish","type":"post","link":"https:\/\/diarioregionaldigital.com.br\/?p=198485","title":{"rendered":"Prefeitura ilumina Pa\u00e7o Municipal e Morro do Cristo de amarelo em defesa do tr\u00e2nsit"},"content":{"rendered":"<p>Segundo informa\u00e7\u00f5es do site da Prefeitura de Juiz de Fora, em homenagem ao Maio Amarelo, celebrado durante todo este m\u00eas, a Prefeitura de Juiz de Fora (PJF) vai colorir de amarelo, dois dos maiores cart\u00f5es postais da cidade: o Pa\u00e7o Municipal e o Morro do Cristo. A iniciativa \u00e9 para conscientizar a popula\u00e7\u00e3o sobre a seguran\u00e7a no tr\u00e2nsito e alertar sobre os perigos que a dire\u00e7\u00e3o perigosa traz aos motoristas e pedestres.<\/p>\n<p>O objetivo do Maio Amarelo \u00e9 criar uma a\u00e7\u00e3o coordenada entre o poder p\u00fablico e a sociedade civil. A inten\u00e7\u00e3o \u00e9 colocar em pauta o tema seguran\u00e7a vi\u00e1ria e mobilizar toda a sociedade, envolvendo os mais diversos segmentos: \u00f3rg\u00e3os de governos, empresas, entidades de classe, associa\u00e7\u00f5es, federa\u00e7\u00f5es e sociedade civil organizada para, fugindo das fal\u00e1cias cotidianas e costumeiras, efetivamente discutir o tema, engajar-se em a\u00e7\u00f5es e propagar o conhecimento, abordando toda a amplitude que a quest\u00e3o do tr\u00e2nsito exige, nas mais diferentes esferas.<\/p>\n<p><a href=\"https:\/\/www.pjf.mg.gov.br\/noticias\/view.php?modo=link2&amp;idnoticia2=75051\"><strong>Confira mais sobre o Maio Amarelo<\/strong><\/a>.<\/p>\n","protected":false},"excerpt":{"rendered":"<p>Segundo informa\u00e7\u00f5es do site da Prefeitura de Juiz de Fora, em homenagem ao Maio Amarelo, celebrado durante todo este m\u00eas, a Prefeitura de Juiz de Fora (PJF) vai colorir de amarelo, dois dos maiores cart\u00f5es postais da cidade: o Pa\u00e7o Municipal e o Morro do Cristo. A iniciativa \u00e9 para conscientizar a popula\u00e7\u00e3o sobre a [&hellip;]<\/p>\n","protected":false},"author":246,"featured_media":198486,"comment_status":"closed","ping_status":"closed","sticky":false,"template":"","format":"standard","meta":{"footnotes":""},"categories":[253,436,439],"tags":[],"class_list":["post-198485","post","type-post","status-publish","format-standard","has-post-thumbnail","hentry","category-cidade","category-destaque-da-semana","category-ultima-hora"],"_links":{"self":[{"href":"https:\/\/diarioregionaldigital.com.br\/index.php?rest_route=\/wp\/v2\/posts\/198485","targetHints":{"allow":["GET"]}}],"collection":[{"href":"https:\/\/diarioregionaldigital.com.br\/index.php?rest_route=\/wp\/v2\/posts"}],"about":[{"href":"https:\/\/diarioregionaldigital.com.br\/index.php?rest_route=\/wp\/v2\/types\/post"}],"author":[{"embeddable":true,"href":"https:\/\/diarioregionaldigital.com.br\/index.php?rest_route=\/wp\/v2\/users\/246"}],"replies":[{"embeddable":true,"href":"https:\/\/diarioregionaldigital.com.br\/index.php?rest_route=%2Fwp%2Fv2%2Fcomments&post=198485"}],"version-history":[{"count":2,"href":"https:\/\/diarioregionaldigital.com.br\/index.php?rest_route=\/wp\/v2\/posts\/198485\/revisions"}],"predecessor-version":[{"id":198488,"href":"https:\/\/diarioregionaldigital.com.br\/index.php?rest_route=\/wp\/v2\/posts\/198485\/revisions\/198488"}],"wp:featuredmedia":[{"embeddable":true,"href":"https:\/\/diarioregionaldigital.com.br\/index.php?rest_route=\/wp\/v2\/media\/198486"}],"wp:attachment":[{"href":"https:\/\/diarioregionaldigital.com.br\/index.php?rest_route=%2Fwp%2Fv2%2Fmedia&parent=198485"}],"wp:term":[{"taxonomy":"category","embeddable":true,"href":"https:\/\/diarioregionaldigital.com.br\/index.php?rest_route=%2Fwp%2Fv2%2Fcategories&post=198485"},{"taxonomy":"post_tag","embeddable":true,"href":"https:\/\/diarioregionaldigital.com.br\/index.php?rest_route=%2Fwp%2Fv2%2Ftags&post=198485"}],"curies":[{"name":"wp","href":"https:\/\/api.w.org\/{rel}","templated":true}]}}