{"id":198481,"date":"2022-05-04T19:59:20","date_gmt":"2022-05-04T22:59:20","guid":{"rendered":"https:\/\/diarioregionaldigital.com.br\/?p=198481"},"modified":"2022-05-04T20:05:06","modified_gmt":"2022-05-04T23:05:06","slug":"guarda-municipal-integra-acao-praca-segura","status":"publish","type":"post","link":"https:\/\/diarioregionaldigital.com.br\/?p=198481","title":{"rendered":"Guarda Municipal integra a\u00e7\u00e3o Pra\u00e7a Segura"},"content":{"rendered":"<p>Segundo informa\u00e7\u00f5es do site da Prefeitura de Juiz de Fora, a Guarda Municipal, \u00f3rg\u00e3o da Secretaria de Seguran\u00e7a Urbana e Cidadania (Sesuc), est\u00e1 atuando em apoio \u00e0 Pol\u00edcia Militar de Minas Gerais (PMMG) na Opera\u00e7\u00e3o Pra\u00e7a Segura. Em dias espec\u00edficos e em hor\u00e1rios alternados, equipes compostas por policiais militares e guardas municipais fazem rondas ostensivas em pra\u00e7as com o objetivo de monitorar e coibir a pr\u00e1tica de a\u00e7\u00f5es criminosas, bem como ampliar a sensa\u00e7\u00e3o de seguran\u00e7a para a popula\u00e7\u00e3o que transita por estes espa\u00e7os. A iniciativa fortalece o trabalho integrado entre as institui\u00e7\u00f5es e beneficia a seguran\u00e7a p\u00fablica de nossa cidade.<\/p>\n<p>As equipes mistas realizam abordagem a pessoas em situa\u00e7\u00e3o suspeita, apreendendo materiais il\u00edcitos como drogas e armas brancas. No caso de pessoas em situa\u00e7\u00e3o de rua, a abordagem social da Prefeitura \u00e9 acionada para a orienta\u00e7\u00e3o e encaminhamento destas pessoas para os equipamentos da rede de assist\u00eancia social do munic\u00edpio.<\/p>\n<p>Entre os resultados almejados pela a\u00e7\u00e3o, est\u00e1 principalmente a recupera\u00e7\u00e3o do espa\u00e7o p\u00fablico para o uso seguro da comunidade. A secret\u00e1ria de Seguran\u00e7a, da Prefeitura de Juiz de Fora (PJF), Let\u00edcia Paiva Delgado relembra a import\u00e2ncia dessas estruturas para a sociedade. \u201c\u00c1reas de passagem, de recrea\u00e7\u00e3o, de realiza\u00e7\u00e3o de eventos, pontos de encontro, as pra\u00e7as s\u00e3o equipamentos paisag\u00edsticos, que al\u00e9m de equilibrar a arquitetura urbana da cidade, t\u00eam uma fun\u00e7\u00e3o social hist\u00f3rica, que precisa ser resgatada. Os espa\u00e7os p\u00fablicos s\u00e3o p\u00fablicos, logo s\u00e3o para todos utilizarem e vivenciarem a cidade, com seguran\u00e7a\u201d, pondera.<\/p>\n","protected":false},"excerpt":{"rendered":"<p>Segundo informa\u00e7\u00f5es do site da Prefeitura de Juiz de Fora, a Guarda Municipal, \u00f3rg\u00e3o da Secretaria de Seguran\u00e7a Urbana e Cidadania (Sesuc), est\u00e1 atuando em apoio \u00e0 Pol\u00edcia Militar de Minas Gerais (PMMG) na Opera\u00e7\u00e3o Pra\u00e7a Segura. Em dias espec\u00edficos e em hor\u00e1rios alternados, equipes compostas por policiais militares e guardas municipais fazem rondas ostensivas [&hellip;]<\/p>\n","protected":false},"author":246,"featured_media":198492,"comment_status":"closed","ping_status":"closed","sticky":false,"template":"","format":"standard","meta":{"footnotes":""},"categories":[253,436,439],"tags":[],"class_list":["post-198481","post","type-post","status-publish","format-standard","has-post-thumbnail","hentry","category-cidade","category-destaque-da-semana","category-ultima-hora"],"_links":{"self":[{"href":"https:\/\/diarioregionaldigital.com.br\/index.php?rest_route=\/wp\/v2\/posts\/198481","targetHints":{"allow":["GET"]}}],"collection":[{"href":"https:\/\/diarioregionaldigital.com.br\/index.php?rest_route=\/wp\/v2\/posts"}],"about":[{"href":"https:\/\/diarioregionaldigital.com.br\/index.php?rest_route=\/wp\/v2\/types\/post"}],"author":[{"embeddable":true,"href":"https:\/\/diarioregionaldigital.com.br\/index.php?rest_route=\/wp\/v2\/users\/246"}],"replies":[{"embeddable":true,"href":"https:\/\/diarioregionaldigital.com.br\/index.php?rest_route=%2Fwp%2Fv2%2Fcomments&post=198481"}],"version-history":[{"count":1,"href":"https:\/\/diarioregionaldigital.com.br\/index.php?rest_route=\/wp\/v2\/posts\/198481\/revisions"}],"predecessor-version":[{"id":198483,"href":"https:\/\/diarioregionaldigital.com.br\/index.php?rest_route=\/wp\/v2\/posts\/198481\/revisions\/198483"}],"wp:featuredmedia":[{"embeddable":true,"href":"https:\/\/diarioregionaldigital.com.br\/index.php?rest_route=\/wp\/v2\/media\/198492"}],"wp:attachment":[{"href":"https:\/\/diarioregionaldigital.com.br\/index.php?rest_route=%2Fwp%2Fv2%2Fmedia&parent=198481"}],"wp:term":[{"taxonomy":"category","embeddable":true,"href":"https:\/\/diarioregionaldigital.com.br\/index.php?rest_route=%2Fwp%2Fv2%2Fcategories&post=198481"},{"taxonomy":"post_tag","embeddable":true,"href":"https:\/\/diarioregionaldigital.com.br\/index.php?rest_route=%2Fwp%2Fv2%2Ftags&post=198481"}],"curies":[{"name":"wp","href":"https:\/\/api.w.org\/{rel}","templated":true}]}}