{"id":198478,"date":"2022-05-04T19:56:20","date_gmt":"2022-05-04T22:56:20","guid":{"rendered":"https:\/\/diarioregionaldigital.com.br\/?p=198478"},"modified":"2022-05-04T19:56:20","modified_gmt":"2022-05-04T22:56:20","slug":"pjf-recebe-membros-do-departamento-de-salvaguarda-e-seguranca-das-nacoes-unidas-para-curso-de-capacitacao","status":"publish","type":"post","link":"https:\/\/diarioregionaldigital.com.br\/?p=198478","title":{"rendered":"PJF recebe membros do Departamento de Salvaguarda e Seguran\u00e7a das Na\u00e7\u00f5es Unidas para curso de capacita\u00e7\u00e3o"},"content":{"rendered":"<p>Segundo informa\u00e7\u00f5es do site da Prefeitura de Juiz de Fora, a Prefeitura de Juiz de Fora (PJF),\u00a0 atrav\u00e9s da Secretaria de Planejamento do Territ\u00f3rio e Participa\u00e7\u00e3o Popular (Seppop), recebe membros do Departamento de Salvaguarda e Seguran\u00e7a das Na\u00e7\u00f5es Unidas (UNDSS) &#8211; Escrit\u00f3rio do Brasil, durante os dias 3, 4 e 5 de maio. A equipe estar\u00e1 entre os agentes do ONU-Habitat em um curso de capacita\u00e7\u00e3o com objetivo de realizarem seus trabalhos de campo em seguran\u00e7a.<\/p>\n<p>De acordo com Jos\u00e9 Manuel Monteiro Madureira, conselheiro a.i de Seguran\u00e7a do Departamento de Salvaguarda e Seguran\u00e7a das Na\u00e7\u00f5es Unidas (UNDSS), \u201cestamos aqui em apoio ao ONU-Habitat e j\u00e1 agradecemos a PJF pelos esfor\u00e7os em nos receber t\u00e3o bem, disponibilizando suas instala\u00e7\u00f5es, assim como a Pol\u00edcia Militar que tamb\u00e9m \u00e9 parceira nesta capacita\u00e7\u00e3o.\u201d destacou.<\/p>\n<p>A equipe foi apresentada na ter\u00e7a, 3, e se reuniu com a Pol\u00edcia Militar de Juiz de Fora. Nesta quarta-feira, 4, a\u00a0 palestra foi ministrada no museu Ferrovi\u00e1rio pela M\u00f4nica Azzariti, oficial de seguran\u00e7a das Na\u00e7\u00f5es Unidas do Brasil que ensinou pela manh\u00e3, entre outros assuntos, um estudo sobre como detectar as emo\u00e7\u00f5es, e, no per\u00edodo da tarde, os alunos puderam experimentar na pr\u00e1tica t\u00e9cnicas de desvencilhamento de situa\u00e7\u00f5es inoportunas.\u00a0 \u201cA gente sabe que quem lida com o p\u00fablico se depara com uma s\u00e9rie de situa\u00e7\u00f5es positivas e negativas e nosso primeiro objetivo \u00e9 observar o contexto de atua\u00e7\u00e3o e conseguir antecipar certos comportamentos. Por exemplo, se algu\u00e9m est\u00e1 ficando mais exaltado, ou mais agressivo ou agindo de forma inadequada naquele ambiente, a abordagem que ser\u00e1 feita ser\u00e1 de acordo com essa percep\u00e7\u00e3o\u201d.<\/p>\n<p>M\u00f4nica\u00a0 enfatiza que o treinamento visa conscientiza\u00e7\u00e3o do ambiente e isso envolve conhecer melhor como as pessoas respondem, e partir dessa resposta, o agente vai trabalhar a sua fala e a\u00e7\u00f5es, com estrat\u00e9gias de comunica\u00e7\u00e3o n\u00e3o violenta, de negocia\u00e7\u00e3o, e de fuga para se livrar dessa situa\u00e7\u00e3o de risco, perigo ou que deixe a equipe desconfort\u00e1vel, declara.<\/p>\n<p>Na quinta-feira, 5, os agentes far\u00e3o atividades internas na Seppop juntamente com a Pol\u00edcia militar e a equipe da UNDSS, e ser\u00e3o apresentados a outros membros da ONU a fim de ampliar conhecimento. Os palestrantes se despedem da cidade na tarde desta sexta-feira, 6.<\/p>\n<p><strong>A UNDSS<\/strong><\/p>\n<p>A United Nations Department of Safety &amp; Security (UNDSS) \u00e9 respons\u00e1vel pela lideran\u00e7a da seguran\u00e7a nacional e \u00e9 quem d\u00e1 apoio operacional e supervisiona o sistema de gest\u00e3o de seguran\u00e7a, para que os programas e atividades do sistema da ONU sejam conduzidos de maneira segura e mais eficiente.<\/p>\n<p>UNDSS \u00e9 composto, a n\u00edvel global, pelo Gabinete do Subsecret\u00e1rio-Geral de Salvaguarda e Seguran\u00e7a, que engloba Pol\u00edticas, Unidade de Planejamento e Coordena\u00e7\u00e3o e da Se\u00e7\u00e3o Auditoria, Monitoramento e Avalia\u00e7\u00e3o, e de tr\u00eas grandes grupos operacionais, a Divis\u00e3o Regional de Opera\u00e7\u00f5es, a Divis\u00e3o de Servi\u00e7o de Apoio \u00e0s Miss\u00f5es de Campo e da Divis\u00e3o de Servi\u00e7os de Seguran\u00e7a e Salvaguarda\u00a0 das Sedes.<\/p>\n","protected":false},"excerpt":{"rendered":"<p>Segundo informa\u00e7\u00f5es do site da Prefeitura de Juiz de Fora, a Prefeitura de Juiz de Fora (PJF),\u00a0 atrav\u00e9s da Secretaria de Planejamento do Territ\u00f3rio e Participa\u00e7\u00e3o Popular (Seppop), recebe membros do Departamento de Salvaguarda e Seguran\u00e7a das Na\u00e7\u00f5es Unidas (UNDSS) &#8211; Escrit\u00f3rio do Brasil, durante os dias 3, 4 e 5 de maio. A equipe [&hellip;]<\/p>\n","protected":false},"author":246,"featured_media":198479,"comment_status":"closed","ping_status":"closed","sticky":false,"template":"","format":"standard","meta":{"footnotes":""},"categories":[253,436,440,439],"tags":[],"class_list":["post-198478","post","type-post","status-publish","format-standard","has-post-thumbnail","hentry","category-cidade","category-destaque-da-semana","category-destaques-do-dia","category-ultima-hora"],"_links":{"self":[{"href":"https:\/\/diarioregionaldigital.com.br\/index.php?rest_route=\/wp\/v2\/posts\/198478","targetHints":{"allow":["GET"]}}],"collection":[{"href":"https:\/\/diarioregionaldigital.com.br\/index.php?rest_route=\/wp\/v2\/posts"}],"about":[{"href":"https:\/\/diarioregionaldigital.com.br\/index.php?rest_route=\/wp\/v2\/types\/post"}],"author":[{"embeddable":true,"href":"https:\/\/diarioregionaldigital.com.br\/index.php?rest_route=\/wp\/v2\/users\/246"}],"replies":[{"embeddable":true,"href":"https:\/\/diarioregionaldigital.com.br\/index.php?rest_route=%2Fwp%2Fv2%2Fcomments&post=198478"}],"version-history":[{"count":1,"href":"https:\/\/diarioregionaldigital.com.br\/index.php?rest_route=\/wp\/v2\/posts\/198478\/revisions"}],"predecessor-version":[{"id":198480,"href":"https:\/\/diarioregionaldigital.com.br\/index.php?rest_route=\/wp\/v2\/posts\/198478\/revisions\/198480"}],"wp:featuredmedia":[{"embeddable":true,"href":"https:\/\/diarioregionaldigital.com.br\/index.php?rest_route=\/wp\/v2\/media\/198479"}],"wp:attachment":[{"href":"https:\/\/diarioregionaldigital.com.br\/index.php?rest_route=%2Fwp%2Fv2%2Fmedia&parent=198478"}],"wp:term":[{"taxonomy":"category","embeddable":true,"href":"https:\/\/diarioregionaldigital.com.br\/index.php?rest_route=%2Fwp%2Fv2%2Fcategories&post=198478"},{"taxonomy":"post_tag","embeddable":true,"href":"https:\/\/diarioregionaldigital.com.br\/index.php?rest_route=%2Fwp%2Fv2%2Ftags&post=198478"}],"curies":[{"name":"wp","href":"https:\/\/api.w.org\/{rel}","templated":true}]}}