{"id":198475,"date":"2022-05-04T19:45:49","date_gmt":"2022-05-04T22:45:49","guid":{"rendered":"https:\/\/diarioregionaldigital.com.br\/?p=198475"},"modified":"2022-05-04T19:45:49","modified_gmt":"2022-05-04T22:45:49","slug":"brasil-atropela-alemanha-e-vai-as-quartas-do-mundial-de-futebol-pc","status":"publish","type":"post","link":"https:\/\/diarioregionaldigital.com.br\/?p=198475","title":{"rendered":"Brasil atropela Alemanha e vai \u00e0s quartas do Mundial de Futebol PC"},"content":{"rendered":"<p>A sele\u00e7\u00e3o de futebol de paralisados cerebrais (PC) garantiu, com uma rodada de anteced\u00eancia, vaga nas quartas de final do Campeonato Mundial da modalidade (anteriormente chamada &#8220;futebol de sete&#8221;), disputado em Salou (Espanha). Nesta\u00a0quarta-feira (4), os brasileiros aplicaram 6 a 0 na Alemanha e se mantiveram na lideran\u00e7a do Grupo B com os mesmos seis pontos da Irlanda (que venceu a Tail\u00e2ndia pelo mesmo placar), ficando \u00e0 frente pelos gols marcados (nove a oito).<img decoding=\"async\" src=\"https:\/\/agenciabrasil.ebc.com.br\/ebc.png?id=1457939&amp;o=node\" \/><img decoding=\"async\" src=\"https:\/\/agenciabrasil.ebc.com.br\/ebc.gif?id=1457939&amp;o=node\" \/><\/p>\n<p>O Brasil volta a jogar nesta\u00a0sexta-feira (6), \u00e0s 10h30 (hor\u00e1rio de Bras\u00edlia), para decidir a ponta da chave com os irlandeses, tamb\u00e9m garantidos no mata-mata. As partidas do Mundial s\u00e3o\u00a0<a href=\"https:\/\/www.esportplus.tv\/home\">transmitidas ao vivo online,<\/a>\u00a0de forma gratuita.<\/p>\n<p>O destaque brasileiro contra os alem\u00e3es foi \u00c2ngelo Matheus, que balan\u00e7ou as redes duas vezes, chegando a tr\u00eas gols na competi\u00e7\u00e3o, isolando-se como artilheiro da equipe no Mundial. Os outros gols foram marcados por Jefferson Luiz, Jefferson Cardoso, Leonardo Morais e Christian Eidenhardt (contra).<\/p>\n<blockquote><p>&#8220;Encontramos algumas dificuldades de penetra\u00e7\u00e3o na defesa da Alemanha, porque eles vieram bem fechados, com os jogadores na \u00e1rea, tentando explorar os contra-ataques, mas conseguimos fazer 2 a 0 no primeiro tempo. Na virada do segundo tempo, fizemos algumas altera\u00e7\u00f5es e o time deles tamb\u00e9m se abriu um pouco. Conseguimos explorar as jogadas pelas alas e constru\u00edmos a vit\u00f3ria&#8221;, disse o t\u00e9cnico Paulo Cabral, \u00e0\u00a0<strong>Ag\u00eancia Brasil<\/strong>.\u00a0 &#8220;Contra a Irlanda, acreditamos que eles tamb\u00e9m vir\u00e3o fechados. A maioria das equipes jogam fechadas contra o Brasil e acredito que n\u00e3o ser\u00e1 diferente. Ainda teremos mais um treino na\u00a0quinta-feira [4], onde conversaremos sobre o sistema [de jogo] da Irlanda. Buscaremos a vit\u00f3ria para encerrar o grupo em primeiro&#8221;, completou o treinador.<\/p><\/blockquote>\n<p>Nas quartas, o Brasil\u00a0ter\u00e1 pela frente, na pr\u00f3xima\u00a0segunda-feira (9), um advers\u00e1rio que sair\u00e1 do Grupo D, onde est\u00e3o Irlanda do Norte, Argentina, Espanha e Ucr\u00e2nia (maior campe\u00e3 mundial, com seis t\u00edtulos).\u00a0Os brasileiros jogam \u00e0s 4h30 se ficarem em segundo na chave, ou \u00e0s 7h30, caso terminem na lideran\u00e7a. Vice em 2003 e 2013, a sele\u00e7\u00e3o\u00a0mira uma conquista in\u00e9dita.<\/p>\n<h2>Modalidade<\/h2>\n<p>Os atletas do futebol PC s\u00e3o divididos nas classes FT1, FT2 e FT3. Na FT1, est\u00e3o aqueles com maior comprometimento f\u00edsico-motor. Cada equipe, obrigatoriamente, precisa\u00a0ter\u00a0ao menos um deles entre os sete titulares. A FT3 re\u00fane os jogadores com menor grau de paralisia cerebral. Apenas um pode estar no gramado em cada time.<\/p>\n<p>A modalidade tem algumas diferen\u00e7as em rela\u00e7\u00e3o ao futebol convencional. A dura\u00e7\u00e3o do jogo (dois tempos de 30 minutos), o n\u00famero de atletas por equipe (sete) e os tamanhos do campo (70 metros por 50 metros) e da baliza (dois metros por cinco metros) s\u00e3o menores. Al\u00e9m disso, n\u00e3o h\u00e1 impedimento e a cobran\u00e7a de lateral pode ser feita com apenas uma das m\u00e3os.<\/p>\n<p>Fonte: Ag\u00eancia Brasil<\/p>\n","protected":false},"excerpt":{"rendered":"<p>A sele\u00e7\u00e3o de futebol de paralisados cerebrais (PC) garantiu, com uma rodada de anteced\u00eancia, vaga nas quartas de final do Campeonato Mundial da modalidade (anteriormente chamada &#8220;futebol de sete&#8221;), disputado em Salou (Espanha). Nesta\u00a0quarta-feira (4), os brasileiros aplicaram 6 a 0 na Alemanha e se mantiveram na lideran\u00e7a do Grupo B com os mesmos seis [&hellip;]<\/p>\n","protected":false},"author":246,"featured_media":198476,"comment_status":"closed","ping_status":"closed","sticky":false,"template":"","format":"standard","meta":{"footnotes":""},"categories":[436,257,439],"tags":[],"class_list":["post-198475","post","type-post","status-publish","format-standard","has-post-thumbnail","hentry","category-destaque-da-semana","category-esporte","category-ultima-hora"],"_links":{"self":[{"href":"https:\/\/diarioregionaldigital.com.br\/index.php?rest_route=\/wp\/v2\/posts\/198475","targetHints":{"allow":["GET"]}}],"collection":[{"href":"https:\/\/diarioregionaldigital.com.br\/index.php?rest_route=\/wp\/v2\/posts"}],"about":[{"href":"https:\/\/diarioregionaldigital.com.br\/index.php?rest_route=\/wp\/v2\/types\/post"}],"author":[{"embeddable":true,"href":"https:\/\/diarioregionaldigital.com.br\/index.php?rest_route=\/wp\/v2\/users\/246"}],"replies":[{"embeddable":true,"href":"https:\/\/diarioregionaldigital.com.br\/index.php?rest_route=%2Fwp%2Fv2%2Fcomments&post=198475"}],"version-history":[{"count":1,"href":"https:\/\/diarioregionaldigital.com.br\/index.php?rest_route=\/wp\/v2\/posts\/198475\/revisions"}],"predecessor-version":[{"id":198477,"href":"https:\/\/diarioregionaldigital.com.br\/index.php?rest_route=\/wp\/v2\/posts\/198475\/revisions\/198477"}],"wp:featuredmedia":[{"embeddable":true,"href":"https:\/\/diarioregionaldigital.com.br\/index.php?rest_route=\/wp\/v2\/media\/198476"}],"wp:attachment":[{"href":"https:\/\/diarioregionaldigital.com.br\/index.php?rest_route=%2Fwp%2Fv2%2Fmedia&parent=198475"}],"wp:term":[{"taxonomy":"category","embeddable":true,"href":"https:\/\/diarioregionaldigital.com.br\/index.php?rest_route=%2Fwp%2Fv2%2Fcategories&post=198475"},{"taxonomy":"post_tag","embeddable":true,"href":"https:\/\/diarioregionaldigital.com.br\/index.php?rest_route=%2Fwp%2Fv2%2Ftags&post=198475"}],"curies":[{"name":"wp","href":"https:\/\/api.w.org\/{rel}","templated":true}]}}