{"id":198472,"date":"2022-05-04T19:42:43","date_gmt":"2022-05-04T22:42:43","guid":{"rendered":"https:\/\/diarioregionaldigital.com.br\/?p=198472"},"modified":"2022-05-04T19:42:43","modified_gmt":"2022-05-04T22:42:43","slug":"brasil-enfrentara-coreia-do-sul-japao-e-argentina-antes-da-copa","status":"publish","type":"post","link":"https:\/\/diarioregionaldigital.com.br\/?p=198472","title":{"rendered":"Brasil enfrentar\u00e1 Coreia do Sul, Jap\u00e3o e Argentina antes da Copa"},"content":{"rendered":"<p>A CBF definiu advers\u00e1rios e datas dos jogos\u00a0preparat\u00f3rios da sele\u00e7\u00e3o brasileira masculina para a Copa do Mundo do Catar, com abertura em 21 de novembro. Ser\u00e3o tr\u00eas partidas em junho, todas no exterior: no dia 2 o Brasil encara a Coreia do Sul, na capital Seul; quatro dias depois enfrenta o Jap\u00e3o, em T\u00f3quio; e por fim, no dia 11, a equipe comandada pelo t\u00e9cnico Tite mede for\u00e7as com a Argentina, em Melbourne (Austr\u00e1lia).<img decoding=\"async\" src=\"https:\/\/agenciabrasil.ebc.com.br\/ebc.png?id=1458001&amp;o=node\" \/><img decoding=\"async\" src=\"https:\/\/agenciabrasil.ebc.com.br\/ebc.gif?id=1458001&amp;o=node\" \/><\/p>\n<p>O cl\u00e1ssico sul-americano n\u00e3o ser\u00e1 v\u00e1lido pelo\u00a0<a href=\"https:\/\/agenciabrasil.ebc.com.br\/esportes\/noticia\/2021-09\/anvisa-paralisa-jogo-entre-brasil-e-argentina-pelas-eliminatorias\">jogo adiado das Eliminat\u00f3rias Sul-Americanas.<\/a> O duelo suspenso ano passado, ap\u00f3s ser paralisado por agentes da Anvisa &#8211; em meio \u00e0 pandemia de covid-19 \u2013 foi remarcado para setembro.<\/p>\n<p>O Brasil reencontrar\u00e1 a sele\u00e7\u00e3o da Coreia do Sul quase tr\u00eas anos ap\u00f3s derrota-la, por 3 a 0, em Abu Dhabi (Emirados \u00c1rabes Unidos). \u00a0As duas equipes duelar\u00e3o no dia 2 de junho, \u00e0s 8h (hor\u00e1rio de Bras\u00edlia), no Seul World Cup Stadium, capital sul-coreana.<\/p>\n<p>No dia 6 de junho, brasileiros e japoneses se enfrentam no Est\u00e1dio Nacional de T\u00f3quio, \u00e0s 7h20. \u00a0Sob comando de Tite, em 2017, o escrete canarinho ganhou do Jap\u00e3o por 3 a 1, em partida realizada\u00a0em Lille (Fran\u00e7a).<\/p>\n<p>O \u00faltimo compromisso do Brasil ser\u00e1 o duelo contra a Argentina, \u00e0s 6h45, no Est\u00e1dio de Melbourne, que j\u00e1 foi palco do cl\u00e1ssico sul-americano em 2017, que reuniu mais de 95 mil pessoas. A derrota por 1 a 0 para os hermanos, foi a primeira de Tite no comando da sele\u00e7\u00e3o.<\/p>\n<p>Fonte: Ag\u00eancia Brasil<\/p>\n","protected":false},"excerpt":{"rendered":"<p>A CBF definiu advers\u00e1rios e datas dos jogos\u00a0preparat\u00f3rios da sele\u00e7\u00e3o brasileira masculina para a Copa do Mundo do Catar, com abertura em 21 de novembro. Ser\u00e3o tr\u00eas partidas em junho, todas no exterior: no dia 2 o Brasil encara a Coreia do Sul, na capital Seul; quatro dias depois enfrenta o Jap\u00e3o, em T\u00f3quio; e [&hellip;]<\/p>\n","protected":false},"author":246,"featured_media":198473,"comment_status":"closed","ping_status":"closed","sticky":false,"template":"","format":"standard","meta":{"footnotes":""},"categories":[436,257,439],"tags":[],"class_list":["post-198472","post","type-post","status-publish","format-standard","has-post-thumbnail","hentry","category-destaque-da-semana","category-esporte","category-ultima-hora"],"_links":{"self":[{"href":"https:\/\/diarioregionaldigital.com.br\/index.php?rest_route=\/wp\/v2\/posts\/198472","targetHints":{"allow":["GET"]}}],"collection":[{"href":"https:\/\/diarioregionaldigital.com.br\/index.php?rest_route=\/wp\/v2\/posts"}],"about":[{"href":"https:\/\/diarioregionaldigital.com.br\/index.php?rest_route=\/wp\/v2\/types\/post"}],"author":[{"embeddable":true,"href":"https:\/\/diarioregionaldigital.com.br\/index.php?rest_route=\/wp\/v2\/users\/246"}],"replies":[{"embeddable":true,"href":"https:\/\/diarioregionaldigital.com.br\/index.php?rest_route=%2Fwp%2Fv2%2Fcomments&post=198472"}],"version-history":[{"count":1,"href":"https:\/\/diarioregionaldigital.com.br\/index.php?rest_route=\/wp\/v2\/posts\/198472\/revisions"}],"predecessor-version":[{"id":198474,"href":"https:\/\/diarioregionaldigital.com.br\/index.php?rest_route=\/wp\/v2\/posts\/198472\/revisions\/198474"}],"wp:featuredmedia":[{"embeddable":true,"href":"https:\/\/diarioregionaldigital.com.br\/index.php?rest_route=\/wp\/v2\/media\/198473"}],"wp:attachment":[{"href":"https:\/\/diarioregionaldigital.com.br\/index.php?rest_route=%2Fwp%2Fv2%2Fmedia&parent=198472"}],"wp:term":[{"taxonomy":"category","embeddable":true,"href":"https:\/\/diarioregionaldigital.com.br\/index.php?rest_route=%2Fwp%2Fv2%2Fcategories&post=198472"},{"taxonomy":"post_tag","embeddable":true,"href":"https:\/\/diarioregionaldigital.com.br\/index.php?rest_route=%2Fwp%2Fv2%2Ftags&post=198472"}],"curies":[{"name":"wp","href":"https:\/\/api.w.org\/{rel}","templated":true}]}}