{"id":198465,"date":"2022-05-04T19:34:04","date_gmt":"2022-05-04T22:34:04","guid":{"rendered":"https:\/\/diarioregionaldigital.com.br\/?p=198465"},"modified":"2022-05-04T19:34:04","modified_gmt":"2022-05-04T22:34:04","slug":"athletico-pr-anuncia-luiz-felipe-scolari-como-novo-tecnico","status":"publish","type":"post","link":"https:\/\/diarioregionaldigital.com.br\/?p=198465","title":{"rendered":"Athletico-PR anuncia Luiz Felipe Scolari como novo t\u00e9cnico"},"content":{"rendered":"<p>Horas ap\u00f3s\u00a0<a href=\"https:\/\/agenciabrasil.ebc.com.br\/esportes\/noticia\/2022-05\/tecnico-carille-e-demitido-horas-apos-goleada-do-athletico-na-bolivia\">anunciar a sa\u00edda do t\u00e9cnico F\u00e1bio Carille<\/a>, o Athletico-PR fechou com Luiz Felipe Scolari no final da tarde desta quarta-feira (4). Al\u00e9m do comandante da sele\u00e7\u00e3o brasileira no pentacampeonato mundial, o Furac\u00e3o acertou com os auxiliares Carlos Pracidelli e Paulo Turra.<img decoding=\"async\" src=\"https:\/\/agenciabrasil.ebc.com.br\/ebc.png?id=1458010&amp;o=node\" \/><img decoding=\"async\" src=\"https:\/\/agenciabrasil.ebc.com.br\/ebc.gif?id=1458010&amp;o=node\" \/><\/p>\n<p>Carille ficou apenas 21 dias no cargo, deixando o Athletico-PR ap\u00f3s a\u00a0<a href=\"https:\/\/agenciabrasil.ebc.com.br\/esportes\/noticia\/2022-05\/libertadores-athletico-pr-e-goleado-na-altitude-de-la-paz\">derrota por goleada de 5 a 0 para o The Strongest (Bol\u00edvia), em La Paz, pela fase de grupos da Copa Libertadores<\/a>. A decis\u00e3o de demiti-lo partiu do presidente do clube Mario Celso Petraglia. Al\u00e9m de Carille, o clube comunicou o desligamento dos auxiliares Leandro da Silva e Denis Faria Luup e a demiss\u00e3o do diretor de futebol Fernando Yamada.<\/p>\n<p>Na mensagem na qual anunciou o acerto com Felip\u00e3o, o Furac\u00e3o lembrou que, al\u00e9m de campe\u00e3o de uma edi\u00e7\u00e3o da Copa do Mundo com a sele\u00e7\u00e3o brasileira, o treinador \u00e9 bicampe\u00e3o da Libertadores, bicampe\u00e3o do Brasileiro e tetracampe\u00e3o da Copa do Brasil.<\/p>\n<p>Fonte: Ag\u00eancia Brasil<\/p>\n","protected":false},"excerpt":{"rendered":"<p>Horas ap\u00f3s\u00a0anunciar a sa\u00edda do t\u00e9cnico F\u00e1bio Carille, o Athletico-PR fechou com Luiz Felipe Scolari no final da tarde desta quarta-feira (4). Al\u00e9m do comandante da sele\u00e7\u00e3o brasileira no pentacampeonato mundial, o Furac\u00e3o acertou com os auxiliares Carlos Pracidelli e Paulo Turra. Carille ficou apenas 21 dias no cargo, deixando o Athletico-PR ap\u00f3s a\u00a0derrota por [&hellip;]<\/p>\n","protected":false},"author":246,"featured_media":198466,"comment_status":"closed","ping_status":"closed","sticky":false,"template":"","format":"standard","meta":{"footnotes":""},"categories":[436,440,257,439],"tags":[],"class_list":["post-198465","post","type-post","status-publish","format-standard","has-post-thumbnail","hentry","category-destaque-da-semana","category-destaques-do-dia","category-esporte","category-ultima-hora"],"_links":{"self":[{"href":"https:\/\/diarioregionaldigital.com.br\/index.php?rest_route=\/wp\/v2\/posts\/198465","targetHints":{"allow":["GET"]}}],"collection":[{"href":"https:\/\/diarioregionaldigital.com.br\/index.php?rest_route=\/wp\/v2\/posts"}],"about":[{"href":"https:\/\/diarioregionaldigital.com.br\/index.php?rest_route=\/wp\/v2\/types\/post"}],"author":[{"embeddable":true,"href":"https:\/\/diarioregionaldigital.com.br\/index.php?rest_route=\/wp\/v2\/users\/246"}],"replies":[{"embeddable":true,"href":"https:\/\/diarioregionaldigital.com.br\/index.php?rest_route=%2Fwp%2Fv2%2Fcomments&post=198465"}],"version-history":[{"count":2,"href":"https:\/\/diarioregionaldigital.com.br\/index.php?rest_route=\/wp\/v2\/posts\/198465\/revisions"}],"predecessor-version":[{"id":198468,"href":"https:\/\/diarioregionaldigital.com.br\/index.php?rest_route=\/wp\/v2\/posts\/198465\/revisions\/198468"}],"wp:featuredmedia":[{"embeddable":true,"href":"https:\/\/diarioregionaldigital.com.br\/index.php?rest_route=\/wp\/v2\/media\/198466"}],"wp:attachment":[{"href":"https:\/\/diarioregionaldigital.com.br\/index.php?rest_route=%2Fwp%2Fv2%2Fmedia&parent=198465"}],"wp:term":[{"taxonomy":"category","embeddable":true,"href":"https:\/\/diarioregionaldigital.com.br\/index.php?rest_route=%2Fwp%2Fv2%2Fcategories&post=198465"},{"taxonomy":"post_tag","embeddable":true,"href":"https:\/\/diarioregionaldigital.com.br\/index.php?rest_route=%2Fwp%2Fv2%2Ftags&post=198465"}],"curies":[{"name":"wp","href":"https:\/\/api.w.org\/{rel}","templated":true}]}}