{"id":198462,"date":"2022-05-04T19:24:40","date_gmt":"2022-05-04T22:24:40","guid":{"rendered":"https:\/\/diarioregionaldigital.com.br\/?p=198462"},"modified":"2022-05-04T19:24:40","modified_gmt":"2022-05-04T22:24:40","slug":"epamig-promove-difusao-de-ora-pro-nobis-na-zona-da-mata","status":"publish","type":"post","link":"https:\/\/diarioregionaldigital.com.br\/?p=198462","title":{"rendered":"Epamig promove difus\u00e3o de ora-pro-n\u00f3bis na Zona da Mata"},"content":{"rendered":"<p>A\u00a0<a href=\"http:\/\/www.epamig.br\/\" target=\"_blank\" rel=\"noopener\">Empresa de Pesquisa Agropecu\u00e1ria de Minas Gerais (Epamig)<\/a>\u00a0acaba de\u00a0 distribuir 450 mudas de ora-pro-n\u00f3bis para 20 produtores da zona rural do munic\u00edpio de Visconde do Rio Branco, na Zona da Mata mineira. A a\u00e7\u00e3o integrou Dia de Campo dedicado ao cultivo comercial da planta e contou com a parceria da\u00a0<a href=\"https:\/\/www.emater.mg.gov.br\/\" target=\"_blank\" rel=\"noopener\">Emater-MG<\/a>, da Prefeitura de Visconde do Rio Branco, da Cooperativa Regional de Coopera\u00e7\u00e3o Agr\u00edcola da Zona da Mata (Cooperarca) e da iniciativa privada, que colabora com o projeto desde 2021.<\/p>\n<p>Pesquisadora da Epamig respons\u00e1vel pelos estudos com ora-pro-n\u00f3bis, Maria Regina de Miranda conta que, no total, foram produzidas quatro mil mudas provenientes de clones mantidos no Campo Experimental da empresa no Vale do Piranga. Ela destaca que o primeiro encontro foi realizado na propriedade de um produtor familiar de hortali\u00e7as que deseja expandir a produ\u00e7\u00e3o de ora-pro-n\u00f3bis.<\/p>\n<p>&#8220;As mudas que ainda n\u00e3o foram distribu\u00eddas ser\u00e3o enviadas a agricultores interessados. O trabalho de identificar essas pessoas vem sendo feito por mim, pela pesquisadora da Epamig Cleide Maria Pinto, pelo t\u00e9cnico da Emater local, Eduardo Faria Santos, e pelo presidente da Cooperarca, Valdinei Arthur Siqueira&#8221;, afirma Maria Regina.<\/p>\n<p>A pr\u00f3xima edi\u00e7\u00e3o do Dia de Campo est\u00e1 prevista para daqui duas semanas, desta vez na propriedade de um agricultor local produtor de frutas.<\/p>\n<p><strong>Sistema superadensado de plantio<\/strong><\/p>\n<p>A ora-pro-n\u00f3bis pertence ao grupo das Plantas Aliment\u00edcias N\u00e3o Convencionais (Panc). Essas plantas, apesar dos altos valores nutricionais, ainda n\u00e3o t\u00eam tanta visibilidade no mercado.<\/p>\n<p>O cen\u00e1rio, contudo, parece estar mudando para a ora-pro-nobis, de acordo com a pesquisadora Maria Regina. Ela relata que, nos \u00faltimos anos, a planta vem se destacando no mercado, principalmente na forma de suplemento alimentar.<\/p>\n<p>&#8220;Pelo fato de ser uma Panc rica em prote\u00edna, a ora-pro-n\u00f3bis se tornou uma mat\u00e9ria prima de grande interesse da ind\u00fastria, sobretudo na forma de suplemento alimentar em c\u00e1psulas. O teor de prote\u00edna na farinha de ora-pro-nobis e na folha desidratada \u00e9, em m\u00e9dia, de 25%. A folha tamb\u00e9m apresenta altos teores de ferro, c\u00e1lcio e vitamina C&#8221;, explica.<\/p>\n<p><strong>Demanda<\/strong><\/p>\n<p>A demanda crescente por parte da ind\u00fastria torna o cultivo de ora-pro-n\u00f3bis uma alternativa de diversifica\u00e7\u00e3o de renda promissora para agricultores familiares. A planta possui as vantagens de ser r\u00fastica, perene, de r\u00e1pido crescimento e com um eficiente sistema de uso de \u00e1gua, o que reduz os custos de produ\u00e7\u00e3o.<\/p>\n<p>Nesse sentido, a Epamig desenvolveu estudos para o cultivo de ora-pro-nobis em sistemas de plantio superadensados, com colheitas sucessivas de folhas e ramos. A t\u00e9cnica permite o aumento da produ\u00e7\u00e3o de biomassa e de prote\u00edna por \u00e1rea e por tempo.<\/p>\n<p><strong>Parcerias<\/strong><\/p>\n<p>A partir das pesquisas com plantios superadensados de ora-pro-n\u00f3bis, a Epamig foi procurada por representantes do setor privado interessados no processamento da planta na Zona da Mata mineira. O resultado foi a cria\u00e7\u00e3o de um projeto de pesquisa interdisciplinar com profissionais da Epamig e professores da Universidade Federal de Vi\u00e7osa (UFV).<\/p>\n<p>O projeto foi submetido ao Edital Universal da Fapemig de 2022.\u00a0 Em paralelo, outro projeto est\u00e1 sendo constru\u00eddo com o envolvimento da Emater-MG, professores da UFV, e participa\u00e7\u00e3o dos pesquisadores da Epamig, S\u00e9rgio Donzeles, Cleide Pinto e Maira Fonseca.<\/p>\n<p>O objetivo do novo projeto, ainda em fase de planejamento, ser\u00e1 a implanta\u00e7\u00e3o de um arranjo produtivo de ora-pro-n\u00f3bis em Visconde do Rio Branco e em munic\u00edpios vizinhos, como Ub\u00e1, S\u00e3o Geraldo, Guiricema e outros.<\/p>\n<p>Os desdobramentos de todas as a\u00e7\u00f5es ser\u00e3o divulgados no site da Epamig e nas redes sociais oficiais da empresa, vinculada \u00e0<a href=\"http:\/\/www.agricultura.mg.gov.br\/\" target=\"_blank\" rel=\"noopener\">\u00a0<\/a><a href=\"http:\/\/www.agricultura.mg.gov.br\/\">Secretaria de Agricultura, Pecu\u00e1ria e Abastecimento de Minas Gerais (Seapa)<\/a>.<\/p>\n<p>Fonte: Ag\u00eancia Minas<\/p>\n","protected":false},"excerpt":{"rendered":"<p>A\u00a0Empresa de Pesquisa Agropecu\u00e1ria de Minas Gerais (Epamig)\u00a0acaba de\u00a0 distribuir 450 mudas de ora-pro-n\u00f3bis para 20 produtores da zona rural do munic\u00edpio de Visconde do Rio Branco, na Zona da Mata mineira. A a\u00e7\u00e3o integrou Dia de Campo dedicado ao cultivo comercial da planta e contou com a parceria da\u00a0Emater-MG, da Prefeitura de Visconde do [&hellip;]<\/p>\n","protected":false},"author":246,"featured_media":198463,"comment_status":"closed","ping_status":"closed","sticky":false,"template":"","format":"standard","meta":{"footnotes":""},"categories":[436,254,439],"tags":[],"class_list":["post-198462","post","type-post","status-publish","format-standard","has-post-thumbnail","hentry","category-destaque-da-semana","category-politica","category-ultima-hora"],"_links":{"self":[{"href":"https:\/\/diarioregionaldigital.com.br\/index.php?rest_route=\/wp\/v2\/posts\/198462","targetHints":{"allow":["GET"]}}],"collection":[{"href":"https:\/\/diarioregionaldigital.com.br\/index.php?rest_route=\/wp\/v2\/posts"}],"about":[{"href":"https:\/\/diarioregionaldigital.com.br\/index.php?rest_route=\/wp\/v2\/types\/post"}],"author":[{"embeddable":true,"href":"https:\/\/diarioregionaldigital.com.br\/index.php?rest_route=\/wp\/v2\/users\/246"}],"replies":[{"embeddable":true,"href":"https:\/\/diarioregionaldigital.com.br\/index.php?rest_route=%2Fwp%2Fv2%2Fcomments&post=198462"}],"version-history":[{"count":1,"href":"https:\/\/diarioregionaldigital.com.br\/index.php?rest_route=\/wp\/v2\/posts\/198462\/revisions"}],"predecessor-version":[{"id":198464,"href":"https:\/\/diarioregionaldigital.com.br\/index.php?rest_route=\/wp\/v2\/posts\/198462\/revisions\/198464"}],"wp:featuredmedia":[{"embeddable":true,"href":"https:\/\/diarioregionaldigital.com.br\/index.php?rest_route=\/wp\/v2\/media\/198463"}],"wp:attachment":[{"href":"https:\/\/diarioregionaldigital.com.br\/index.php?rest_route=%2Fwp%2Fv2%2Fmedia&parent=198462"}],"wp:term":[{"taxonomy":"category","embeddable":true,"href":"https:\/\/diarioregionaldigital.com.br\/index.php?rest_route=%2Fwp%2Fv2%2Fcategories&post=198462"},{"taxonomy":"post_tag","embeddable":true,"href":"https:\/\/diarioregionaldigital.com.br\/index.php?rest_route=%2Fwp%2Fv2%2Ftags&post=198462"}],"curies":[{"name":"wp","href":"https:\/\/api.w.org\/{rel}","templated":true}]}}