{"id":198455,"date":"2022-05-04T19:21:12","date_gmt":"2022-05-04T22:21:12","guid":{"rendered":"https:\/\/diarioregionaldigital.com.br\/?p=198455"},"modified":"2022-05-04T19:21:12","modified_gmt":"2022-05-04T22:21:12","slug":"populacao-de-lagoa-santa-e-regiao-registra-manifestacoes-durante-ouvidoria-movel","status":"publish","type":"post","link":"https:\/\/diarioregionaldigital.com.br\/?p=198455","title":{"rendered":"Popula\u00e7\u00e3o de Lagoa Santa e regi\u00e3o registra manifesta\u00e7\u00f5es durante Ouvidoria M\u00f3vel"},"content":{"rendered":"<p>Os moradores de Lagoa Santa e regi\u00e3o puderam participar, nesta quarta-feira (4\/5), da Ouvidoria M\u00f3vel, projeto da\u00a0<a href=\"https:\/\/www.ouvidoriageral.mg.gov.br\/\" target=\"_blank\" rel=\"noopener\">Ouvidoria-Geral do Estado (OGE-MG)<\/a>\u00a0que vai aos munic\u00edpios para ouvir de perto os cidad\u00e3os mineiros. O \u00f4nibus esteve na pra\u00e7a Felipe Rodrigues, na orla da lagoa, no centro da cidade, das 10h \u00e0s 16h.<\/p>\n<p>No local, a ouvidora de Fazenda, Licita\u00e7\u00f5es e Patrim\u00f4nio P\u00fablico, Thais Alexandrino, e analistas especializados receberam as manifesta\u00e7\u00f5es dos cidad\u00e3os sobre os servi\u00e7os estaduais e esclareceram d\u00favidas. \u201cA realiza\u00e7\u00e3o de ouvidorias m\u00f3veis \u00e9 de fundamental import\u00e2ncia para o aprimoramento dos servi\u00e7os prestados pelo Estado, al\u00e9m de promover a aproxima\u00e7\u00e3o dos cidad\u00e3os e gestores destes servi\u00e7os\u201d, destacou Thais.<\/p>\n<p>O ge\u00f3grafo Marco Ant\u00f4nio foi um dos que estiveram no \u00f4nibus da OGE\/MG. Ele ressaltou que a participa\u00e7\u00e3o do cidad\u00e3o ajuda o governo a conhecer as necessidades da popula\u00e7\u00e3o que utiliza os servi\u00e7os estaduais.<\/p>\n<p>\u201c A voz do cidad\u00e3o \u00e9 muito importante, deve ser ativa na gest\u00e3o p\u00fablica. Quando conversamos com o governo, permitimos que ele conhe\u00e7a a realidade de nossas cidades e nos ajude, aperfei\u00e7oando um servi\u00e7o ou criando novos, se necess\u00e1rio\u201d, afirmou.<\/p>\n<p>Durante 2022, o \u00f4nibus da Ouvidoria M\u00f3vel visitar\u00e1 diversos munic\u00edpios para ouvir a popula\u00e7\u00e3o e promover a interlocu\u00e7\u00e3o entre o cidad\u00e3o e o governo.<\/p>\n<p><strong>Manifesta\u00e7\u00f5es<\/strong><\/p>\n<p>A Ouvidoria de Fazenda, Licita\u00e7\u00f5es e Patrim\u00f4nio P\u00fablico acolhe manifesta\u00e7\u00f5es sobre gest\u00e3o fiscal, financeira e utiliza\u00e7\u00e3o do patrim\u00f4nio p\u00fablico; processos licitat\u00f3rios; execu\u00e7\u00e3o de contratos, conv\u00eanios e similares; assuntos relacionados aos agentes p\u00fablicos e concursos p\u00fablicos; programas, projetos e a\u00e7\u00f5es de governo; fornecimento de \u00e1gua e energia; seguro-desemprego; canais de comunica\u00e7\u00e3o com o governo e servi\u00e7os oferecidos pelas Unidades de Atendimento Integrado (UAI).<\/p>\n<p>A OGE\/MG \u00e9 \u00f3rg\u00e3o de controle social que auxilia diretamente o governo na fiscaliza\u00e7\u00e3o dos servi\u00e7os estaduais, funcionando como porta de entrada para o cidad\u00e3o manifestar. Os registros podem ser feitos pelos canais de atendimento:<\/p>\n<p>Site:\u00a0<a href=\"http:\/\/www.ouvidoriageral.mg.gov.br\/\">www.ouvidoriageral.mg.gov.br<\/a><\/p>\n<p>WhatsApp: (31) 3915-2022 \u2013 atendente virtual da OGE\/MG, Bel.<\/p>\n<p>Aplicativo MGApp, Ouvidoria na palma da m\u00e3o (dispon\u00edvel para Android e IOS)<\/p>\n<p>Telefones: 162, Disque &#8211; Ouvidoria e 136, Disque &#8211; Sa\u00fade.<\/p>\n<p>Fonte: Ag\u00eancia Minas<\/p>\n","protected":false},"excerpt":{"rendered":"<p>Os moradores de Lagoa Santa e regi\u00e3o puderam participar, nesta quarta-feira (4\/5), da Ouvidoria M\u00f3vel, projeto da\u00a0Ouvidoria-Geral do Estado (OGE-MG)\u00a0que vai aos munic\u00edpios para ouvir de perto os cidad\u00e3os mineiros. O \u00f4nibus esteve na pra\u00e7a Felipe Rodrigues, na orla da lagoa, no centro da cidade, das 10h \u00e0s 16h. No local, a ouvidora de Fazenda, [&hellip;]<\/p>\n","protected":false},"author":246,"featured_media":198456,"comment_status":"closed","ping_status":"closed","sticky":false,"template":"","format":"standard","meta":{"footnotes":""},"categories":[436,254,439],"tags":[],"class_list":["post-198455","post","type-post","status-publish","format-standard","has-post-thumbnail","hentry","category-destaque-da-semana","category-politica","category-ultima-hora"],"_links":{"self":[{"href":"https:\/\/diarioregionaldigital.com.br\/index.php?rest_route=\/wp\/v2\/posts\/198455","targetHints":{"allow":["GET"]}}],"collection":[{"href":"https:\/\/diarioregionaldigital.com.br\/index.php?rest_route=\/wp\/v2\/posts"}],"about":[{"href":"https:\/\/diarioregionaldigital.com.br\/index.php?rest_route=\/wp\/v2\/types\/post"}],"author":[{"embeddable":true,"href":"https:\/\/diarioregionaldigital.com.br\/index.php?rest_route=\/wp\/v2\/users\/246"}],"replies":[{"embeddable":true,"href":"https:\/\/diarioregionaldigital.com.br\/index.php?rest_route=%2Fwp%2Fv2%2Fcomments&post=198455"}],"version-history":[{"count":2,"href":"https:\/\/diarioregionaldigital.com.br\/index.php?rest_route=\/wp\/v2\/posts\/198455\/revisions"}],"predecessor-version":[{"id":198458,"href":"https:\/\/diarioregionaldigital.com.br\/index.php?rest_route=\/wp\/v2\/posts\/198455\/revisions\/198458"}],"wp:featuredmedia":[{"embeddable":true,"href":"https:\/\/diarioregionaldigital.com.br\/index.php?rest_route=\/wp\/v2\/media\/198456"}],"wp:attachment":[{"href":"https:\/\/diarioregionaldigital.com.br\/index.php?rest_route=%2Fwp%2Fv2%2Fmedia&parent=198455"}],"wp:term":[{"taxonomy":"category","embeddable":true,"href":"https:\/\/diarioregionaldigital.com.br\/index.php?rest_route=%2Fwp%2Fv2%2Fcategories&post=198455"},{"taxonomy":"post_tag","embeddable":true,"href":"https:\/\/diarioregionaldigital.com.br\/index.php?rest_route=%2Fwp%2Fv2%2Ftags&post=198455"}],"curies":[{"name":"wp","href":"https:\/\/api.w.org\/{rel}","templated":true}]}}