{"id":198452,"date":"2022-05-04T19:18:48","date_gmt":"2022-05-04T22:18:48","guid":{"rendered":"https:\/\/diarioregionaldigital.com.br\/?p=198452"},"modified":"2022-05-04T19:18:48","modified_gmt":"2022-05-04T22:18:48","slug":"municipios-atingidos-por-rompimento-da-vale-em-brumadinho-comecam-a-receber-maquinas-para-recuperacao-de-estradas-rurais","status":"publish","type":"post","link":"https:\/\/diarioregionaldigital.com.br\/?p=198452","title":{"rendered":"Munic\u00edpios atingidos por rompimento da Vale em Brumadinho come\u00e7am a receber m\u00e1quinas para recupera\u00e7\u00e3o de estradas rurais"},"content":{"rendered":"<p>Vinte e cinco munic\u00edpios atingidos pelo rompimento da barragem da Vale em Brumadinho receber\u00e3o 75 m\u00e1quinas para manuten\u00e7\u00e3o e recupera\u00e7\u00e3o de estradas rurais ao longo de 2022. As duas primeiras localidades atendidas, na tarde desta quarta-feira (4\/5), com uma retroescavadeira 4&#215;4 cada, foram Pequi e Paraopeba.<\/p>\n<p>Tamb\u00e9m ser\u00e3o destinados equipamentos para os munic\u00edpios de Abaet\u00e9, Betim, Biquinhas, Caetan\u00f3polis, Curvelo, Esmeraldas, Felixl\u00e2ndia, Florestal, Fortuna de Minas, Igarap\u00e9, Juatuba, Maravilhas, M\u00e1rio Campos, Mateus Leme, Morada Nova de Minas, Paineiras, Papagaios, Par\u00e1 de Minas, Pomp\u00e9u, S\u00e3o Gon\u00e7alo do Abaet\u00e9, S\u00e3o Joaquim de Bicas, S\u00e3o Jos\u00e9 de Varginha e Tr\u00eas Marias.<\/p>\n<p>O secret\u00e1rio de Estado de\u00a0<a href=\"http:\/\/www.agricultura.mg.gov.br\/\" target=\"_blank\" rel=\"noopener\">Agricultura,\u00a0Pecu\u00e1ria e Abastecimento de Minas Gerais<\/a>, Thales Fernandes, esteve em Pequi, junto a gestores municipais, prestou solidariedade \u00e0s fam\u00edlias das 272 v\u00edtimas do rompimento e destacou a responsabilidade dos \u00f3rg\u00e3os p\u00fablicos com o processo de repara\u00e7\u00e3o.<\/p>\n<p>&#8220;O\u00a0<a href=\"http:\/\/www.mg.gov.br\/\" target=\"_blank\" rel=\"noopener\">Governo de Minas<\/a>, ao lado do Minist\u00e9rio P\u00fablico, da\u00a0<a href=\"http:\/\/www.defensoria.mg.def.br\/\" target=\"_blank\" rel=\"noopener\">Defensoria P\u00fablica de Minas Gerais<\/a>\u00a0e do Minist\u00e9rio P\u00fablico Federal, segue firme no acompanhamento e na fiscaliza\u00e7\u00e3o do Acordo de Repara\u00e7\u00e3o de Brumadinho, para que a empresa cumpra todas as exig\u00eancias, projetos e prazos previstos&#8221;, ressaltou.<\/p>\n<p>O desenvolvimento do projeto foi orientado pela Superintend\u00eancia de Log\u00edstica e Infraestrutura Rural (Selir) da Secretaria de Estado de Agricultura, Pecu\u00e1ria e Abastecimento (Seapa). A primeira etapa contempla a entrega de tr\u00eas m\u00e1quinas para cada um dos 25 munic\u00edpios. As entregas, pelos fornecedores, ocorrer\u00e3o de acordo com a disponibilidade dos maquin\u00e1rios definidos no escopo do projeto.<\/p>\n<p>Em Paraopeba, o subsecret\u00e1rio de Agricultura Familiar e Desenvolvimento Rural Sustent\u00e1vel da Seapa, Ricardo Demicheli, representou o Governo de Minas durante o recebimento. &#8220;Importante destacar que na segunda fase o projeto prev\u00ea capacita\u00e7\u00e3o t\u00e9cnica, para que as prefeituras fa\u00e7am o melhor uso poss\u00edvel das m\u00e1quinas, levando em conta uma recupera\u00e7\u00e3o sustent\u00e1vel e ecol\u00f3gica das estradas rurais. Essas s\u00e3o importantes vias para o escoamento de produtos e tamb\u00e9m para a mobilidade da popula\u00e7\u00e3o&#8221;, detalhou Demicheli.<\/p>\n<p>A entrega dos equipamentos foi acompanhada ainda pela\u00a0<a href=\"http:\/\/www.planejamento.mg.gov.br\/\" target=\"_blank\" rel=\"noopener\">Secretaria de Estado de Planejamento e Gest\u00e3o (Seplag-MG)<\/a>, por meio do\u00a0<a href=\"https:\/\/www.mg.gov.br\/pro-brumadinho\" target=\"_blank\" rel=\"noopener\">Comit\u00ea Gestor Pr\u00f3-Brumadinho<\/a>.<\/p>\n<p><strong>Execu\u00e7\u00e3o<\/strong><\/p>\n<p>O projeto teve in\u00edcio autorizado em janeiro deste ano, sua execu\u00e7\u00e3o \u00e9 de responsabilidade da Vale, sob acompanhamento da auditoria independente da Funda\u00e7\u00e3o Get\u00falio Vargas (FGV) e dos compromitentes do Acordo de Repara\u00e7\u00e3o \u2013 Governo de Minas, Minist\u00e9rio P\u00fablico de Minas Gerais, Minist\u00e9rio P\u00fablico Federal e Defensoria P\u00fablica de Minas Gerais.<\/p>\n<p>A primeira fase do projeto envolve a aquisi\u00e7\u00e3o dos equipamentos que come\u00e7am a ser entregues.\u00a0 A segunda fase, que teve ordem de in\u00edcio na \u00faltima sexta-feira (29\/4), envolve a capacita\u00e7\u00e3o de equipes t\u00e9cnicas locais, com a oferta de treinamentos pr\u00e1ticos e te\u00f3ricos para a manuten\u00e7\u00e3o de estradas rurais n\u00e3o pavimentadas. Os cursos contar\u00e3o com instru\u00e7\u00f5es pr\u00e1ticas nos munic\u00edpios, aplicadas em obras de at\u00e9 cinco quil\u00f4metros, em vias rurais, e custo de mais de R$ 2,5 milh\u00f5es.<\/p>\n<p>O prefeito de Pequi, Andr\u00e9 Luiz Melga\u00e7o Tavares, agradeceu a entrega. &#8220;A retroescavadeira ir\u00e1 auxiliar muito a cidade, limpando a\u00e7ude, retirando o cascalho das estradas para que os produtores possam escoar sua produ\u00e7\u00e3o. S\u00e3o v\u00e1rias as finalidades que esta m\u00e1quina tem, mas a principal \u00e9 ajudar os pequenos produtores, coisa que ela vai fazer a partir de amanh\u00e3&#8221;, afirmou.<\/p>\n<p>Tamb\u00e9m na avalia\u00e7\u00e3o do prefeito de Paraopeba, Juca Bahia, a a\u00e7\u00e3o vai contribuir para o munic\u00edpio. \u201cTemos 700 quil\u00f4metros de \u00e1rea rural e essa primeira de tr\u00eas m\u00e1quinas vem a agregar para a gente. Pode ter certeza de que ser\u00e1 bem empregada\u201d, considerou.<\/p>\n<p>O Acordo Judicial visa reparar os danos decorrentes do rompimento das barragens da Vale S.A. em Brumadinho, que tirou a vida de 272 pessoas e gerou uma s\u00e9rie de impactos sociais, ambientais e econ\u00f4micos na bacia do Rio Paraopeba e em todo o Estado de Minas Gerais.<\/p>\n<p>Fonte: Ag\u00eancia Minas<\/p>\n","protected":false},"excerpt":{"rendered":"<p>Vinte e cinco munic\u00edpios atingidos pelo rompimento da barragem da Vale em Brumadinho receber\u00e3o 75 m\u00e1quinas para manuten\u00e7\u00e3o e recupera\u00e7\u00e3o de estradas rurais ao longo de 2022. As duas primeiras localidades atendidas, na tarde desta quarta-feira (4\/5), com uma retroescavadeira 4&#215;4 cada, foram Pequi e Paraopeba. Tamb\u00e9m ser\u00e3o destinados equipamentos para os munic\u00edpios de Abaet\u00e9, [&hellip;]<\/p>\n","protected":false},"author":246,"featured_media":198453,"comment_status":"closed","ping_status":"closed","sticky":false,"template":"","format":"standard","meta":{"footnotes":""},"categories":[436,440,254,439],"tags":[],"class_list":["post-198452","post","type-post","status-publish","format-standard","has-post-thumbnail","hentry","category-destaque-da-semana","category-destaques-do-dia","category-politica","category-ultima-hora"],"_links":{"self":[{"href":"https:\/\/diarioregionaldigital.com.br\/index.php?rest_route=\/wp\/v2\/posts\/198452","targetHints":{"allow":["GET"]}}],"collection":[{"href":"https:\/\/diarioregionaldigital.com.br\/index.php?rest_route=\/wp\/v2\/posts"}],"about":[{"href":"https:\/\/diarioregionaldigital.com.br\/index.php?rest_route=\/wp\/v2\/types\/post"}],"author":[{"embeddable":true,"href":"https:\/\/diarioregionaldigital.com.br\/index.php?rest_route=\/wp\/v2\/users\/246"}],"replies":[{"embeddable":true,"href":"https:\/\/diarioregionaldigital.com.br\/index.php?rest_route=%2Fwp%2Fv2%2Fcomments&post=198452"}],"version-history":[{"count":1,"href":"https:\/\/diarioregionaldigital.com.br\/index.php?rest_route=\/wp\/v2\/posts\/198452\/revisions"}],"predecessor-version":[{"id":198454,"href":"https:\/\/diarioregionaldigital.com.br\/index.php?rest_route=\/wp\/v2\/posts\/198452\/revisions\/198454"}],"wp:featuredmedia":[{"embeddable":true,"href":"https:\/\/diarioregionaldigital.com.br\/index.php?rest_route=\/wp\/v2\/media\/198453"}],"wp:attachment":[{"href":"https:\/\/diarioregionaldigital.com.br\/index.php?rest_route=%2Fwp%2Fv2%2Fmedia&parent=198452"}],"wp:term":[{"taxonomy":"category","embeddable":true,"href":"https:\/\/diarioregionaldigital.com.br\/index.php?rest_route=%2Fwp%2Fv2%2Fcategories&post=198452"},{"taxonomy":"post_tag","embeddable":true,"href":"https:\/\/diarioregionaldigital.com.br\/index.php?rest_route=%2Fwp%2Fv2%2Ftags&post=198452"}],"curies":[{"name":"wp","href":"https:\/\/api.w.org\/{rel}","templated":true}]}}