{"id":198449,"date":"2022-05-04T19:12:34","date_gmt":"2022-05-04T22:12:34","guid":{"rendered":"https:\/\/diarioregionaldigital.com.br\/?p=198449"},"modified":"2022-05-04T19:12:34","modified_gmt":"2022-05-04T22:12:34","slug":"feiras-internacionais-de-agronegocios-podem-gerar-us-45-bilhoes","status":"publish","type":"post","link":"https:\/\/diarioregionaldigital.com.br\/?p=198449","title":{"rendered":"Feiras internacionais de agroneg\u00f3cios podem gerar US$ 4,5 bilh\u00f5es"},"content":{"rendered":"<p>O valor dos neg\u00f3cios fechados por empresas brasileiras em feiras internacionais de produtos do agroneg\u00f3cio poder\u00e1 chegar a US$ 4,5 bilh\u00f5es at\u00e9 o final do ano, de acordo com balan\u00e7o da Ag\u00eancia Brasileira de Promo\u00e7\u00e3o de Exporta\u00e7\u00f5es e Investimentos (ApexBrasil). Segundo a entidade, do total negociado, US$ 800 milh\u00f5es j\u00e1 foram contratados, e outros US$ 3,7 bilh\u00f5es devem ser concretizados at\u00e9 o fim do ano.<img decoding=\"async\" src=\"https:\/\/agenciabrasil.ebc.com.br\/ebc.png?id=1457996&amp;o=node\" \/><img decoding=\"async\" src=\"https:\/\/agenciabrasil.ebc.com.br\/ebc.gif?id=1457996&amp;o=node\" \/><\/p>\n<p>No primeiro trimestre de 2022, mais de 300 empresas brasileiras participaram, com o apoio da Apex, de 15 feiras internacionais de alimentos e bebidas, realizadas em cinco pa\u00edses. Apenas na Seafood Market Place for North America, realizada em mar\u00e7o, em Boston, nos Estados Unidos, a maior feira de pescados da Am\u00e9rica do Norte, as empresas brasileiras fecharam neg\u00f3cios da ordem de US$ 400 milh\u00f5es.<\/p>\n<p>\u201cDurante a pandemia [da covid-19], o Brasil se mostrou muito s\u00f3lido e os outros pa\u00edses e grandes importadores puderam confirmar contratos de longo prazo. E isso se soma ao momento da nossa produtividade e aumento da produ\u00e7\u00e3o. O Brasil conseguiu, durante a crise, manter o agroneg\u00f3cio funcionando muito bem, e isso ajuda nesse resultado\u201d, destacou a coordenadora de Agroneg\u00f3cios da ApexBrasil, Paula Soares.<\/p>\n<p>De acordo com a ag\u00eancia, at\u00e9 o fim de 2022, ser\u00e3o realizadas 41 feiras com participa\u00e7\u00e3o dos brasileiros, apoiadas pelos minist\u00e9rios da Agricultura e Pecu\u00e1ria e das Rela\u00e7\u00f5es Exteriores, e a ApexBrasil.<\/p>\n<p>\u201cAinda temos muitas oportunidades para as empresas brasileiras.\u00a0<a href=\"https:\/\/apexbrasil.com.br\/\" target=\"_blank\" rel=\"noopener\">Elas podem entrar no nosso site<\/a>, conhecer os eventos nos pr\u00f3ximos meses, e entender quais s\u00e3o os crit\u00e9rios de participa\u00e7\u00e3o, inclusive se inscrever\u201d, disse a coordenadora.<\/p>\n<p>Fonte: Ag\u00eancia Brasil<\/p>\n","protected":false},"excerpt":{"rendered":"<p>O valor dos neg\u00f3cios fechados por empresas brasileiras em feiras internacionais de produtos do agroneg\u00f3cio poder\u00e1 chegar a US$ 4,5 bilh\u00f5es at\u00e9 o final do ano, de acordo com balan\u00e7o da Ag\u00eancia Brasileira de Promo\u00e7\u00e3o de Exporta\u00e7\u00f5es e Investimentos (ApexBrasil). Segundo a entidade, do total negociado, US$ 800 milh\u00f5es j\u00e1 foram contratados, e outros US$ [&hellip;]<\/p>\n","protected":false},"author":246,"featured_media":198450,"comment_status":"closed","ping_status":"closed","sticky":false,"template":"","format":"standard","meta":{"footnotes":""},"categories":[436,261,439],"tags":[],"class_list":["post-198449","post","type-post","status-publish","format-standard","has-post-thumbnail","hentry","category-destaque-da-semana","category-economia","category-ultima-hora"],"_links":{"self":[{"href":"https:\/\/diarioregionaldigital.com.br\/index.php?rest_route=\/wp\/v2\/posts\/198449","targetHints":{"allow":["GET"]}}],"collection":[{"href":"https:\/\/diarioregionaldigital.com.br\/index.php?rest_route=\/wp\/v2\/posts"}],"about":[{"href":"https:\/\/diarioregionaldigital.com.br\/index.php?rest_route=\/wp\/v2\/types\/post"}],"author":[{"embeddable":true,"href":"https:\/\/diarioregionaldigital.com.br\/index.php?rest_route=\/wp\/v2\/users\/246"}],"replies":[{"embeddable":true,"href":"https:\/\/diarioregionaldigital.com.br\/index.php?rest_route=%2Fwp%2Fv2%2Fcomments&post=198449"}],"version-history":[{"count":1,"href":"https:\/\/diarioregionaldigital.com.br\/index.php?rest_route=\/wp\/v2\/posts\/198449\/revisions"}],"predecessor-version":[{"id":198451,"href":"https:\/\/diarioregionaldigital.com.br\/index.php?rest_route=\/wp\/v2\/posts\/198449\/revisions\/198451"}],"wp:featuredmedia":[{"embeddable":true,"href":"https:\/\/diarioregionaldigital.com.br\/index.php?rest_route=\/wp\/v2\/media\/198450"}],"wp:attachment":[{"href":"https:\/\/diarioregionaldigital.com.br\/index.php?rest_route=%2Fwp%2Fv2%2Fmedia&parent=198449"}],"wp:term":[{"taxonomy":"category","embeddable":true,"href":"https:\/\/diarioregionaldigital.com.br\/index.php?rest_route=%2Fwp%2Fv2%2Fcategories&post=198449"},{"taxonomy":"post_tag","embeddable":true,"href":"https:\/\/diarioregionaldigital.com.br\/index.php?rest_route=%2Fwp%2Fv2%2Ftags&post=198449"}],"curies":[{"name":"wp","href":"https:\/\/api.w.org\/{rel}","templated":true}]}}