{"id":198445,"date":"2022-05-04T19:10:28","date_gmt":"2022-05-04T22:10:28","guid":{"rendered":"https:\/\/diarioregionaldigital.com.br\/?p=198445"},"modified":"2022-05-04T19:10:28","modified_gmt":"2022-05-04T22:10:28","slug":"por-falta-de-semicondutores-volkswagen-da-ferias-coletivas","status":"publish","type":"post","link":"https:\/\/diarioregionaldigital.com.br\/?p=198445","title":{"rendered":"Por falta de semicondutores, Volkswagen d\u00e1 f\u00e9rias coletivas"},"content":{"rendered":"<p>A partir do dia 9 de maio, os funcion\u00e1rios da Volkswagen do Brasil ter\u00e3o 20 dias de f\u00e9rias coletivas para os dois turnos da f\u00e1brica de S\u00e3o Bernardo do Campo, na regi\u00e3o metropolitana de S\u00e3o Paulo, devido \u00e0 falta de semicondutores. Apesar de a montadora n\u00e3o informar o n\u00famero de funcion\u00e1rios envolvidos, o Sindicato dos Metal\u00fargicos de S\u00e3o Bernardo do Campo, diz que ser\u00e3o cerca de 2,5 mil trabalhadores. Atualmente a f\u00e1brica produz cerca de 800 ve\u00edculos por dia.<img decoding=\"async\" src=\"https:\/\/agenciabrasil.ebc.com.br\/ebc.png?id=1457946&amp;o=node\" \/><img decoding=\"async\" src=\"https:\/\/agenciabrasil.ebc.com.br\/ebc.gif?id=1457946&amp;o=node\" \/><\/p>\n<p>O coordenador-geral da representa\u00e7\u00e3o do sindicato na Volks, Jos\u00e9 Roberto Nogueira da Silva, o Bigodinho, destacou o acordo firmado entre o sindicato e a dire\u00e7\u00e3o da f\u00e1brica que garante previsibilidade em situa\u00e7\u00f5es de crise.<\/p>\n<p>\u201cEstamos usando todas as ferramentas de flexibilidade discutidas no acordo firmado pelo sindicato. Esse acordo abrange momentos bons e ruins para atravessar crises como essa. O acordo d\u00e1 previsibilidade tanto para a f\u00e1brica como para os trabalhadores e certa tranquilidade para atravessar momentos como este\u201d, afirmou Bigodinho.<\/p>\n<p>Ele refor\u00e7ou ainda que a situa\u00e7\u00e3o \u00e9 semelhante ao que est\u00e1 acontecendo em outras f\u00e1bricas e que h\u00e1 demanda de produ\u00e7\u00e3o, mas a escassez de pe\u00e7as inviabiliza o atendimento. \u201cEstamos na expectativa da retomada o mais breve poss\u00edvel\u201d, concluiu.<\/p>\n<p>Em mar\u00e7o e abril a Mercedes-Benz tamb\u00e9m colocou trabalhadores da f\u00e1brica de S\u00e3o Bernardo do Campo (SP) em f\u00e9rias coletivas, devido \u00e0 falta de componentes eletr\u00f4nicos. Os funcion\u00e1rios ficaram fora da montadora de 14 a 25 de mar\u00e7o e de 18 de abril a 3 de maio. O sindicato informou que em mar\u00e7o 1,2 mil trabalhadores foram afetados pela medida e em abril, 5 mil.<\/p>\n<p>Fonte: Ag\u00eancia Brasil<\/p>\n","protected":false},"excerpt":{"rendered":"<p>A partir do dia 9 de maio, os funcion\u00e1rios da Volkswagen do Brasil ter\u00e3o 20 dias de f\u00e9rias coletivas para os dois turnos da f\u00e1brica de S\u00e3o Bernardo do Campo, na regi\u00e3o metropolitana de S\u00e3o Paulo, devido \u00e0 falta de semicondutores. Apesar de a montadora n\u00e3o informar o n\u00famero de funcion\u00e1rios envolvidos, o Sindicato dos [&hellip;]<\/p>\n","protected":false},"author":246,"featured_media":198446,"comment_status":"closed","ping_status":"closed","sticky":false,"template":"","format":"standard","meta":{"footnotes":""},"categories":[436,261,439],"tags":[],"class_list":["post-198445","post","type-post","status-publish","format-standard","has-post-thumbnail","hentry","category-destaque-da-semana","category-economia","category-ultima-hora"],"_links":{"self":[{"href":"https:\/\/diarioregionaldigital.com.br\/index.php?rest_route=\/wp\/v2\/posts\/198445","targetHints":{"allow":["GET"]}}],"collection":[{"href":"https:\/\/diarioregionaldigital.com.br\/index.php?rest_route=\/wp\/v2\/posts"}],"about":[{"href":"https:\/\/diarioregionaldigital.com.br\/index.php?rest_route=\/wp\/v2\/types\/post"}],"author":[{"embeddable":true,"href":"https:\/\/diarioregionaldigital.com.br\/index.php?rest_route=\/wp\/v2\/users\/246"}],"replies":[{"embeddable":true,"href":"https:\/\/diarioregionaldigital.com.br\/index.php?rest_route=%2Fwp%2Fv2%2Fcomments&post=198445"}],"version-history":[{"count":2,"href":"https:\/\/diarioregionaldigital.com.br\/index.php?rest_route=\/wp\/v2\/posts\/198445\/revisions"}],"predecessor-version":[{"id":198448,"href":"https:\/\/diarioregionaldigital.com.br\/index.php?rest_route=\/wp\/v2\/posts\/198445\/revisions\/198448"}],"wp:featuredmedia":[{"embeddable":true,"href":"https:\/\/diarioregionaldigital.com.br\/index.php?rest_route=\/wp\/v2\/media\/198446"}],"wp:attachment":[{"href":"https:\/\/diarioregionaldigital.com.br\/index.php?rest_route=%2Fwp%2Fv2%2Fmedia&parent=198445"}],"wp:term":[{"taxonomy":"category","embeddable":true,"href":"https:\/\/diarioregionaldigital.com.br\/index.php?rest_route=%2Fwp%2Fv2%2Fcategories&post=198445"},{"taxonomy":"post_tag","embeddable":true,"href":"https:\/\/diarioregionaldigital.com.br\/index.php?rest_route=%2Fwp%2Fv2%2Ftags&post=198445"}],"curies":[{"name":"wp","href":"https:\/\/api.w.org\/{rel}","templated":true}]}}