{"id":198422,"date":"2022-05-03T20:57:18","date_gmt":"2022-05-03T23:57:18","guid":{"rendered":"https:\/\/diarioregionaldigital.com.br\/?p=198422"},"modified":"2022-05-03T20:57:18","modified_gmt":"2022-05-03T23:57:18","slug":"guarda-municipal-socorre-e-identifica-idoso-desaparecido","status":"publish","type":"post","link":"https:\/\/diarioregionaldigital.com.br\/?p=198422","title":{"rendered":"Guarda Municipal socorre e identifica idoso desaparecido"},"content":{"rendered":"<p>Segundo informa\u00e7\u00f5es do site da Prefeitura de Juiz de Fora, uma equipe da Guarda Municipal que passava pela Avenida Sete de Setembro, no final da tarde dessa segunda-feira, 2, foi abordada para presta\u00e7\u00e3o de socorro a um idoso ca\u00eddo ao solo. O senhor, de 74 anos, estava bastante debilitado, por\u00e9m consciente. O Servi\u00e7o de Atendimento M\u00f3vel de Urg\u00eancia (Samu) foi acionado, compareceu ao local e encaminhou o paciente para o Hospital de Pronto Socorro (HPS). Mais tarde, o supervisor da equipe da Guarda, viu postagem em rede social sobre o desaparecimento do mesmo homem que havia socorrido. Ele fez contato com a filha e repassou as informa\u00e7\u00f5es para o reencontro do familiar desaparecido.<\/p>\n<p>A\u00e7\u00f5es como esta mostram a abrang\u00eancia da atua\u00e7\u00e3o da Guarda Municipal como servidor presente ao espa\u00e7o p\u00fablico e apto a interferir pela preserva\u00e7\u00e3o da vida. Nos \u00faltimos dias a Guarda socorreu homem v\u00edtima de infarto na Avenida Get\u00falio Vargas, conduzindo-o em viatura pr\u00f3pria para atendimento hospitalar e realizou procedimento de reanima\u00e7\u00e3o em outro que se encontrava sem sinais vitais em um escrit\u00f3rio no centro.<\/p>\n<p>\u00c9 comum a Guarda atender ocorr\u00eancias de socorro em via p\u00fablica. Pessoas que necessitam de ajuda, como idosos, deficientes, dependentes qu\u00edmicos, crian\u00e7as e adolescentes em situa\u00e7\u00e3o de risco social, pessoas em situa\u00e7\u00e3o de rua. Nestes casos, a corpora\u00e7\u00e3o procura intervir de forma humanizada, oferecendo apoio e fazendo o encaminhamento, conforme necessidade de cada caso.<\/p>\n<p>A forma\u00e7\u00e3o do guarda municipal busca preparar o agente para realizar procedimentos de primeiros socorros. Para ingressar na corpora\u00e7\u00e3o, todos os integrantes cursaram a disciplina de \u201cSocorrismo\u201d. Recentemente, houve novo treinamento em \u201cPrimeiros Socorros em Atividade Policial\u201d promovido pela Pol\u00edcia Federal, que refor\u00e7ou conte\u00fados para atua\u00e7\u00e3o em situa\u00e7\u00f5es de urg\u00eancia no dia a dia das ruas.<\/p>\n","protected":false},"excerpt":{"rendered":"<p>Segundo informa\u00e7\u00f5es do site da Prefeitura de Juiz de Fora, uma equipe da Guarda Municipal que passava pela Avenida Sete de Setembro, no final da tarde dessa segunda-feira, 2, foi abordada para presta\u00e7\u00e3o de socorro a um idoso ca\u00eddo ao solo. O senhor, de 74 anos, estava bastante debilitado, por\u00e9m consciente. O Servi\u00e7o de Atendimento [&hellip;]<\/p>\n","protected":false},"author":246,"featured_media":198423,"comment_status":"closed","ping_status":"closed","sticky":false,"template":"","format":"standard","meta":{"footnotes":""},"categories":[253,436,439],"tags":[],"class_list":["post-198422","post","type-post","status-publish","format-standard","has-post-thumbnail","hentry","category-cidade","category-destaque-da-semana","category-ultima-hora"],"_links":{"self":[{"href":"https:\/\/diarioregionaldigital.com.br\/index.php?rest_route=\/wp\/v2\/posts\/198422","targetHints":{"allow":["GET"]}}],"collection":[{"href":"https:\/\/diarioregionaldigital.com.br\/index.php?rest_route=\/wp\/v2\/posts"}],"about":[{"href":"https:\/\/diarioregionaldigital.com.br\/index.php?rest_route=\/wp\/v2\/types\/post"}],"author":[{"embeddable":true,"href":"https:\/\/diarioregionaldigital.com.br\/index.php?rest_route=\/wp\/v2\/users\/246"}],"replies":[{"embeddable":true,"href":"https:\/\/diarioregionaldigital.com.br\/index.php?rest_route=%2Fwp%2Fv2%2Fcomments&post=198422"}],"version-history":[{"count":1,"href":"https:\/\/diarioregionaldigital.com.br\/index.php?rest_route=\/wp\/v2\/posts\/198422\/revisions"}],"predecessor-version":[{"id":198424,"href":"https:\/\/diarioregionaldigital.com.br\/index.php?rest_route=\/wp\/v2\/posts\/198422\/revisions\/198424"}],"wp:featuredmedia":[{"embeddable":true,"href":"https:\/\/diarioregionaldigital.com.br\/index.php?rest_route=\/wp\/v2\/media\/198423"}],"wp:attachment":[{"href":"https:\/\/diarioregionaldigital.com.br\/index.php?rest_route=%2Fwp%2Fv2%2Fmedia&parent=198422"}],"wp:term":[{"taxonomy":"category","embeddable":true,"href":"https:\/\/diarioregionaldigital.com.br\/index.php?rest_route=%2Fwp%2Fv2%2Fcategories&post=198422"},{"taxonomy":"post_tag","embeddable":true,"href":"https:\/\/diarioregionaldigital.com.br\/index.php?rest_route=%2Fwp%2Fv2%2Ftags&post=198422"}],"curies":[{"name":"wp","href":"https:\/\/api.w.org\/{rel}","templated":true}]}}