{"id":198419,"date":"2022-05-03T20:52:01","date_gmt":"2022-05-03T23:52:01","guid":{"rendered":"https:\/\/diarioregionaldigital.com.br\/?p=198419"},"modified":"2022-05-03T20:52:01","modified_gmt":"2022-05-03T23:52:01","slug":"zeladoria-do-programa-boniteza-atende-14-bairros","status":"publish","type":"post","link":"https:\/\/diarioregionaldigital.com.br\/?p=198419","title":{"rendered":"Zeladoria do Programa Boniteza atende 14 bairros"},"content":{"rendered":"<p>Segundo informa\u00e7\u00f5es do site da Prefeitura de Juiz de Fora, cidade bonita \u00e9 cidade limpa e bem cuidada, por isso, o Programa Boniteza segue trabalhando para destacar as belezas de Juiz de Fora. Nessa segunda-feira, 2, as equipes da Empresa Municipal de Pavimenta\u00e7\u00e3o e Urbaniza\u00e7\u00e3o (Empav) realizaram servi\u00e7os de poda de grama, limpeza e poda de \u00e1rvore em oito vias e cinco pra\u00e7as, al\u00e9m do Cemit\u00e9rio Municipal. No total, 14 bairros foram atendidos.<br \/>\nDestaque para a pra\u00e7a Vov\u00f3 Elvira, no bairro Linhares, que al\u00e9m de contar com equipamentos de lazer, agora est\u00e1 pronta para o uso da popula\u00e7\u00e3o.<br \/>\n<strong>Veja abaixo a lista completa dos locais atendidos:<\/strong><\/p>\n<p>&nbsp;<\/p>\n<p>Canteiro Central Av. Bar\u00e3o do Rio Branco, Centro*<\/p>\n<p>Rua Jos\u00e9 Louren\u00e7o, Borboleta*<\/p>\n<p>Av. Presidente Juscelino Kubitschek, Cer\u00e2mica*<\/p>\n<p>Rua Lindolfo Henriques de Aquino, Humanit\u00e1**<\/p>\n<p>Pra\u00e7a do Milho Branco, Milho Branco**<\/p>\n<p>Rua Santa Terezinha, Santa Terezinha**<\/p>\n<p>Rua Geraldo Magela de Mattos, Recanto da Mata**<\/p>\n<p>Canteiro Av. Garcia Rodrigues, J\u00f3quei Clube II*<\/p>\n<p>Canteiro Av. Ant\u00f4nio Guimar\u00e3es Peralva, J\u00f3quei Clube II*<\/p>\n<p>Av. Engenheiro Valdir Pedro Monachesi, Aeroporto*<\/p>\n<p>Pra\u00e7a Carlos Melito Ferrarez, Industrial*<\/p>\n<p>Pra\u00e7a Alto Graja\u00fa, Alto Graja\u00fa*<\/p>\n<p>Pra\u00e7a Jos\u00e9 de Castro Barbosa, Vila Ideal*<\/p>\n<p>Pra\u00e7a pr\u00f3xima a E.E. Dilermando Costa Cruz, Linhares*<\/p>\n<p>Cemit\u00e9rio Municipal, Po\u00e7o Rico*<\/p>\n<p>&nbsp;<\/p>\n<p><strong>*poda de grama e limpeza<\/strong><\/p>\n<p><strong>**poda de \u00e1rvores<\/strong><br \/>\nA programa\u00e7\u00e3o di\u00e1ria de todas as atividades realizadas pela Empav pode ser acompanhada atrav\u00e9s da p\u00e1gina do Gabinete de A\u00e7\u00e3o e Di\u00e1logo Comunit\u00e1rio, pelo<a href=\"https:\/\/www.pjf.mg.gov.br\/gabinetecomunitario\/#onde\">\u00a0link<\/a>.<\/p>\n<p>Todas as a\u00e7\u00f5es de reestrutura\u00e7\u00e3o, urbaniza\u00e7\u00e3o e zeladoria realizadas pela Empav fazem parte do Programa Boniteza. Voc\u00ea pode solicitar estes e outros servi\u00e7os atrav\u00e9s do Gabinete de A\u00e7\u00e3o e Di\u00e1logo Comunit\u00e1rio, que recebe e organiza pedidos relativos a interven\u00e7\u00f5es e melhorias urbanas. O contato pode ser feito por liga\u00e7\u00e3o telef\u00f4nica, pelo n\u00famero (32) 3690-7241 ou, ainda, via WhatsApp, utilizando o mesmo n\u00famero.<\/p>\n","protected":false},"excerpt":{"rendered":"<p>Segundo informa\u00e7\u00f5es do site da Prefeitura de Juiz de Fora, cidade bonita \u00e9 cidade limpa e bem cuidada, por isso, o Programa Boniteza segue trabalhando para destacar as belezas de Juiz de Fora. Nessa segunda-feira, 2, as equipes da Empresa Municipal de Pavimenta\u00e7\u00e3o e Urbaniza\u00e7\u00e3o (Empav) realizaram servi\u00e7os de poda de grama, limpeza e poda [&hellip;]<\/p>\n","protected":false},"author":246,"featured_media":198420,"comment_status":"closed","ping_status":"closed","sticky":false,"template":"","format":"standard","meta":{"footnotes":""},"categories":[253,436,439],"tags":[],"class_list":["post-198419","post","type-post","status-publish","format-standard","has-post-thumbnail","hentry","category-cidade","category-destaque-da-semana","category-ultima-hora"],"_links":{"self":[{"href":"https:\/\/diarioregionaldigital.com.br\/index.php?rest_route=\/wp\/v2\/posts\/198419","targetHints":{"allow":["GET"]}}],"collection":[{"href":"https:\/\/diarioregionaldigital.com.br\/index.php?rest_route=\/wp\/v2\/posts"}],"about":[{"href":"https:\/\/diarioregionaldigital.com.br\/index.php?rest_route=\/wp\/v2\/types\/post"}],"author":[{"embeddable":true,"href":"https:\/\/diarioregionaldigital.com.br\/index.php?rest_route=\/wp\/v2\/users\/246"}],"replies":[{"embeddable":true,"href":"https:\/\/diarioregionaldigital.com.br\/index.php?rest_route=%2Fwp%2Fv2%2Fcomments&post=198419"}],"version-history":[{"count":1,"href":"https:\/\/diarioregionaldigital.com.br\/index.php?rest_route=\/wp\/v2\/posts\/198419\/revisions"}],"predecessor-version":[{"id":198421,"href":"https:\/\/diarioregionaldigital.com.br\/index.php?rest_route=\/wp\/v2\/posts\/198419\/revisions\/198421"}],"wp:featuredmedia":[{"embeddable":true,"href":"https:\/\/diarioregionaldigital.com.br\/index.php?rest_route=\/wp\/v2\/media\/198420"}],"wp:attachment":[{"href":"https:\/\/diarioregionaldigital.com.br\/index.php?rest_route=%2Fwp%2Fv2%2Fmedia&parent=198419"}],"wp:term":[{"taxonomy":"category","embeddable":true,"href":"https:\/\/diarioregionaldigital.com.br\/index.php?rest_route=%2Fwp%2Fv2%2Fcategories&post=198419"},{"taxonomy":"post_tag","embeddable":true,"href":"https:\/\/diarioregionaldigital.com.br\/index.php?rest_route=%2Fwp%2Fv2%2Ftags&post=198419"}],"curies":[{"name":"wp","href":"https:\/\/api.w.org\/{rel}","templated":true}]}}