{"id":198287,"date":"2022-05-01T06:00:20","date_gmt":"2022-05-01T09:00:20","guid":{"rendered":"https:\/\/diarioregionaldigital.com.br\/?p=198287"},"modified":"2022-04-30T00:46:36","modified_gmt":"2022-04-30T03:46:36","slug":"convocacao-da-cooperativa-taxi-01-05-2022","status":"publish","type":"post","link":"https:\/\/diarioregionaldigital.com.br\/?p=198287","title":{"rendered":"Convoca\u00e7\u00e3o da Cooperativa Taxi &#8211; 01\/05\/2022"},"content":{"rendered":"<p style=\"margin: 0cm; margin-bottom: .0001pt; text-align: center;\" align=\"center\"><b><span style=\"font-size: 15.5pt; font-family: 'Helvetica-Bold',serif; color: #500050;\">&#8220;Edital de Convoca\u00e7\u00e3o da Cooperativa de T\u00e1xi do Aeroporto\u00a0Presidente Itamar Franco&#8221;<\/span><\/b><\/p>\n<p style=\"margin: 0cm; margin-bottom: .0001pt;\"><b><span style=\"font-size: 15.5pt; font-family: 'Helvetica-Bold',serif; color: #500050;\">\u00a0<\/span><\/b><\/p>\n<p style=\"margin: 0cm; margin-bottom: .0001pt; text-align: justify; text-justify: inter-ideograph;\"><b><span style=\"font-size: 11.5pt; font-family: 'Helvetica-Bold',serif; color: #500050;\">EDITAL DE CONVOCA\u00c7\u00c3O DA ASSEMBL\u00c9IA GERAL PARA ELEGER MEMBROS DOS CONSELHOS, FISCAL, ADMINISTRATIVO E \u00c9TICA E DISCIPLINA E DA DIRETORIA ADIMINISTRATIVA DA \u201cCOOPERATIVA DE TAXI DO AEROPORTO\u00a0PRESIDENTE ITAMAR FRANCO<\/span><\/b><\/p>\n<p style=\"margin: 0cm; margin-bottom: .0001pt;\"><span style=\"font-size: 13.5pt; font-family: Helvetica; color: #500050;\">\u00a0<\/span><\/p>\n<p style=\"margin: 0cm; margin-bottom: .0001pt; text-align: justify; text-justify: inter-ideograph;\"><span style=\"font-size: 13.5pt; font-family: Helvetica; color: black;\">Os membros da Comiss\u00e3o Organizadora para Eleger membros para compor os conselhos e diretoria, convocam para Assembleia Geral de elei\u00e7\u00e3o, a ser realizada na Rodovia MG 353, KM 38, S\/N, Anexo Aeroporto, na Cidade de Goian\u00e1, Estado de Minas Gerais no\u00a0<b>dia 12 de maio de 2022, \u00e0s 18:00 horas<\/b>, em primeira, segunda e \u00faltima convoca\u00e7\u00e3o respectivamente, para com um m\u00ednimo de vinte pessoas presentes, deliberar sobre a seguinte ordem do dia:<\/span><\/p>\n<p style=\"margin: 0cm; margin-bottom: .0001pt; text-align: justify; text-justify: inter-ideograph;\"><span style=\"font-size: 12.0pt; font-family: 'Comic Sans MS'; color: #500050;\">\u00a0<\/span><\/p>\n<p style=\"margin: 0cm; margin-bottom: .0001pt; text-align: justify; text-justify: inter-ideograph;\"><span style=\"font-size: 13.5pt; font-family: Helvetica; color: #500050;\">1<\/span><span style=\"font-size: 7.0pt; font-family: 'Times New Roman',serif; color: #500050;\">\u00a0\u00a0\u00a0\u00a0\u00a0<\/span><span style=\"font-size: 13.5pt; font-family: Helvetica; color: #500050;\">&#8211; Elei\u00e7\u00e3o dos membros do Conselho de Administra\u00e7\u00e3o,<\/span><\/p>\n<p style=\"margin: 0cm; margin-bottom: .0001pt; text-align: justify; text-justify: inter-ideograph;\"><span style=\"font-size: 13.5pt; font-family: Helvetica; color: #500050;\">2<\/span><span style=\"font-size: 7.0pt; font-family: 'Times New Roman',serif; color: #500050;\">\u00a0\u00a0\u00a0\u00a0\u00a0<\/span><span style=\"font-size: 13.5pt; font-family: Helvetica; color: #500050;\">&#8211; Elei\u00e7\u00e3o dos membros do Conselho de Fiscal,<\/span><\/p>\n<p style=\"margin: 0cm; margin-bottom: .0001pt; text-align: justify; text-justify: inter-ideograph;\"><span style=\"font-size: 13.5pt; font-family: Helvetica; color: #500050;\">3<\/span><span style=\"font-size: 7.0pt; font-family: 'Times New Roman',serif; color: #500050;\">\u00a0\u00a0\u00a0\u00a0\u00a0<\/span><span style=\"font-size: 13.5pt; font-family: Helvetica; color: #500050;\">&#8211; Elei\u00e7\u00e3o dos membros do Conselho de \u00c9tica e disciplina,<\/span><\/p>\n<p style=\"margin: 0cm; margin-bottom: .0001pt; text-align: justify; text-justify: inter-ideograph;\"><span style=\"font-size: 13.5pt; font-family: Helvetica; color: #500050;\">4<\/span><span style=\"font-size: 7.0pt; font-family: 'Times New Roman',serif; color: #500050;\">\u00a0\u00a0\u00a0\u00a0\u00a0<\/span><span style=\"font-size: 13.5pt; font-family: Helvetica; color: #500050;\">&#8211; Elei\u00e7\u00e3o dos membros da Diretoria Administrativa.<\/span><\/p>\n<p style=\"margin: 0cm; margin-bottom: .0001pt; text-align: justify; text-justify: inter-ideograph;\"><span style=\"font-size: 12.0pt; font-family: 'Comic Sans MS'; color: #500050;\">\u00a0<\/span><\/p>\n<p style=\"margin: 0cm; margin-bottom: .0001pt;\"><span style=\"font-size: 13.5pt; font-family: Helvetica; color: black;\">Goian\u00e1-MG, 01 de maio de 2022.<\/span><span style=\"font-size: 12.0pt; font-family: 'Comic Sans MS'; color: black;\">\u00a0<\/span><\/p>\n<p style=\"margin: 0cm; margin-bottom: .0001pt;\"><span style=\"font-size: 12.0pt; font-family: 'Comic Sans MS'; color: #500050;\">\u00a0<\/span><\/p>\n<p style=\"margin: 0cm; margin-bottom: .0001pt;\"><span style=\"font-size: 12.0pt; font-family: 'Comic Sans MS'; color: #500050;\">\u00a0<\/span><\/p>\n<p style=\"margin: 0cm; margin-bottom: .0001pt; text-align: center;\" align=\"center\"><strong><span style=\"font-size: 13.5pt; font-family: Helvetica; color: #500050;\">Guilherme de Moraes Carvalho<\/span><\/strong><\/p>\n<p style=\"margin: 0cm; margin-bottom: .0001pt; text-align: center;\" align=\"center\"><strong><span style=\"font-size: 13.5pt; font-family: Helvetica; color: #500050;\">Diretor Presidente<\/span><\/strong><\/p>\n","protected":false},"excerpt":{"rendered":"<p>&#8220;Edital de Convoca\u00e7\u00e3o da Cooperativa de T\u00e1xi do Aeroporto\u00a0Presidente Itamar Franco&#8221; \u00a0 EDITAL DE CONVOCA\u00c7\u00c3O DA ASSEMBL\u00c9IA GERAL PARA ELEGER MEMBROS DOS CONSELHOS, FISCAL, ADMINISTRATIVO E \u00c9TICA E DISCIPLINA E DA DIRETORIA ADIMINISTRATIVA DA \u201cCOOPERATIVA DE TAXI DO AEROPORTO\u00a0PRESIDENTE ITAMAR FRANCO \u00a0 Os membros da Comiss\u00e3o Organizadora para Eleger membros para compor os conselhos e [&hellip;]<\/p>\n","protected":false},"author":96,"featured_media":0,"comment_status":"closed","ping_status":"closed","sticky":false,"template":"","format":"standard","meta":{"footnotes":""},"categories":[307],"tags":[],"class_list":["post-198287","post","type-post","status-publish","format-standard","hentry","category-editais"],"_links":{"self":[{"href":"https:\/\/diarioregionaldigital.com.br\/index.php?rest_route=\/wp\/v2\/posts\/198287","targetHints":{"allow":["GET"]}}],"collection":[{"href":"https:\/\/diarioregionaldigital.com.br\/index.php?rest_route=\/wp\/v2\/posts"}],"about":[{"href":"https:\/\/diarioregionaldigital.com.br\/index.php?rest_route=\/wp\/v2\/types\/post"}],"author":[{"embeddable":true,"href":"https:\/\/diarioregionaldigital.com.br\/index.php?rest_route=\/wp\/v2\/users\/96"}],"replies":[{"embeddable":true,"href":"https:\/\/diarioregionaldigital.com.br\/index.php?rest_route=%2Fwp%2Fv2%2Fcomments&post=198287"}],"version-history":[{"count":1,"href":"https:\/\/diarioregionaldigital.com.br\/index.php?rest_route=\/wp\/v2\/posts\/198287\/revisions"}],"predecessor-version":[{"id":198288,"href":"https:\/\/diarioregionaldigital.com.br\/index.php?rest_route=\/wp\/v2\/posts\/198287\/revisions\/198288"}],"wp:attachment":[{"href":"https:\/\/diarioregionaldigital.com.br\/index.php?rest_route=%2Fwp%2Fv2%2Fmedia&parent=198287"}],"wp:term":[{"taxonomy":"category","embeddable":true,"href":"https:\/\/diarioregionaldigital.com.br\/index.php?rest_route=%2Fwp%2Fv2%2Fcategories&post=198287"},{"taxonomy":"post_tag","embeddable":true,"href":"https:\/\/diarioregionaldigital.com.br\/index.php?rest_route=%2Fwp%2Fv2%2Ftags&post=198287"}],"curies":[{"name":"wp","href":"https:\/\/api.w.org\/{rel}","templated":true}]}}