{"id":198280,"date":"2022-04-29T14:01:07","date_gmt":"2022-04-29T17:01:07","guid":{"rendered":"https:\/\/diarioregionaldigital.com.br\/?p=198280"},"modified":"2022-04-29T14:01:07","modified_gmt":"2022-04-29T17:01:07","slug":"operacao-tapa-buracos-do-programa-boniteza-atende-12-bairros","status":"publish","type":"post","link":"https:\/\/diarioregionaldigital.com.br\/?p=198280","title":{"rendered":"Opera\u00e7\u00e3o tapa-buracos do Programa Boniteza atende 12 bairros"},"content":{"rendered":"<p>Segundo informa\u00e7\u00f5es do site da Prefeitura de Juiz de Fora, o Programa Boniteza segue com a opera\u00e7\u00e3o tapa-buracos pelas vias de Juiz de Fora. Nesta quarta-feira, 28, 12 bairros foram atendidos com servi\u00e7os de recomposi\u00e7\u00e3o asf\u00e1ltica.<br \/>\nNo bairro Bairu, a opera\u00e7\u00e3o segue em andamento na rua Professor Francisco Faria. Trabalhos tamb\u00e9m em curso no bairro Miguel Marinho e na via que d\u00e1 acesso ao Morro do Sab\u00e3o.<br \/>\n<strong>Veja a lista completa de locais atendidos nesta quinta-feira, 28:<\/strong><\/p>\n<p>Rua Tupi, Santa Terezinha<\/p>\n<p>Rua Cust\u00f3dio Trist\u00e3o, Santa Terezinha<\/p>\n<p>Rua Manoel Joaquim Tavares, Jardim do Sol<\/p>\n<p>Rua Ademar Ferreira Leite, S\u00e3o Sebasti\u00e3o<\/p>\n<p>Rua Ari Barroso, S\u00e3o Sebasti\u00e3o<\/p>\n<p>Rua Geraldo Scaldine Machado, Jardim Natal<\/p>\n<p>Rua Detetive Jos\u00e9 Felipe, J\u00f3quei Clube<\/p>\n<p>Rua Severino de Andrade Campos, J\u00f3quei Clube<\/p>\n<p>Rua Eng. Jos\u00e9 M\u00e1rcio Pascoalino, Jardim Ga\u00facho<\/p>\n<p>Avenida Pedro Afonso Pinheiro, Santa Efig\u00eania<\/p>\n<p>Rua Macei\u00f3, Aeroporto<\/p>\n<p>Rua Recife, Aeroporto<\/p>\n<p>Rua M\u00e1rio Crispim, Recanto dos Brugger<\/p>\n<p>Via de Acesso ao Morro do Sab\u00e3o, Morro do Sab\u00e3o<\/p>\n<p>Rua Professor Francisco Faria, Bairu<\/p>\n<p>Rua Geraldo Roberto de Andrade, Miguel Marinho<\/p>\n<p>Rua Yolanda Falci Ronzani, Miguel Marinho<br \/>\nA programa\u00e7\u00e3o di\u00e1ria de todas as atividades realizadas pela Empav pode ser acompanhada atrav\u00e9s da p\u00e1gina do Gabinete de A\u00e7\u00e3o e Di\u00e1logo Comunit\u00e1rio, pelo<a href=\"https:\/\/www.pjf.mg.gov.br\/gabinetecomunitario\/#onde\" target=\"_blank\" rel=\"noopener\">\u00a0link<\/a>.<br \/>\nTodas as a\u00e7\u00f5es de reestrutura\u00e7\u00e3o, urbaniza\u00e7\u00e3o e zeladoria realizadas pela Empav fazem parte do Programa Boniteza. Voc\u00ea pode solicitar estes e outros servi\u00e7os atrav\u00e9s do Gabinete de A\u00e7\u00e3o e Di\u00e1logo Comunit\u00e1rio, que recebe e organiza pedidos relativos a interven\u00e7\u00f5es e melhorias urbanas. O contato pode ser feito por liga\u00e7\u00e3o telef\u00f4nica, pelo n\u00famero (32) 3690-7241 ou, ainda, via WhatsApp, utilizando o mesmo n\u00famero.<\/p>\n","protected":false},"excerpt":{"rendered":"<p>Segundo informa\u00e7\u00f5es do site da Prefeitura de Juiz de Fora, o Programa Boniteza segue com a opera\u00e7\u00e3o tapa-buracos pelas vias de Juiz de Fora. Nesta quarta-feira, 28, 12 bairros foram atendidos com servi\u00e7os de recomposi\u00e7\u00e3o asf\u00e1ltica. No bairro Bairu, a opera\u00e7\u00e3o segue em andamento na rua Professor Francisco Faria. Trabalhos tamb\u00e9m em curso no bairro [&hellip;]<\/p>\n","protected":false},"author":246,"featured_media":198281,"comment_status":"closed","ping_status":"closed","sticky":false,"template":"","format":"standard","meta":{"footnotes":""},"categories":[253,436,439],"tags":[],"class_list":["post-198280","post","type-post","status-publish","format-standard","has-post-thumbnail","hentry","category-cidade","category-destaque-da-semana","category-ultima-hora"],"_links":{"self":[{"href":"https:\/\/diarioregionaldigital.com.br\/index.php?rest_route=\/wp\/v2\/posts\/198280","targetHints":{"allow":["GET"]}}],"collection":[{"href":"https:\/\/diarioregionaldigital.com.br\/index.php?rest_route=\/wp\/v2\/posts"}],"about":[{"href":"https:\/\/diarioregionaldigital.com.br\/index.php?rest_route=\/wp\/v2\/types\/post"}],"author":[{"embeddable":true,"href":"https:\/\/diarioregionaldigital.com.br\/index.php?rest_route=\/wp\/v2\/users\/246"}],"replies":[{"embeddable":true,"href":"https:\/\/diarioregionaldigital.com.br\/index.php?rest_route=%2Fwp%2Fv2%2Fcomments&post=198280"}],"version-history":[{"count":1,"href":"https:\/\/diarioregionaldigital.com.br\/index.php?rest_route=\/wp\/v2\/posts\/198280\/revisions"}],"predecessor-version":[{"id":198282,"href":"https:\/\/diarioregionaldigital.com.br\/index.php?rest_route=\/wp\/v2\/posts\/198280\/revisions\/198282"}],"wp:featuredmedia":[{"embeddable":true,"href":"https:\/\/diarioregionaldigital.com.br\/index.php?rest_route=\/wp\/v2\/media\/198281"}],"wp:attachment":[{"href":"https:\/\/diarioregionaldigital.com.br\/index.php?rest_route=%2Fwp%2Fv2%2Fmedia&parent=198280"}],"wp:term":[{"taxonomy":"category","embeddable":true,"href":"https:\/\/diarioregionaldigital.com.br\/index.php?rest_route=%2Fwp%2Fv2%2Fcategories&post=198280"},{"taxonomy":"post_tag","embeddable":true,"href":"https:\/\/diarioregionaldigital.com.br\/index.php?rest_route=%2Fwp%2Fv2%2Ftags&post=198280"}],"curies":[{"name":"wp","href":"https:\/\/api.w.org\/{rel}","templated":true}]}}