{"id":198277,"date":"2022-04-29T13:59:23","date_gmt":"2022-04-29T16:59:23","guid":{"rendered":"https:\/\/diarioregionaldigital.com.br\/?p=198277"},"modified":"2022-04-29T13:59:23","modified_gmt":"2022-04-29T16:59:23","slug":"smu-informa-pontos-de-fiscalizacao-eletronica-de-licitacao-realizada-em-2018","status":"publish","type":"post","link":"https:\/\/diarioregionaldigital.com.br\/?p=198277","title":{"rendered":"SMU informa pontos de fiscaliza\u00e7\u00e3o eletr\u00f4nica de licita\u00e7\u00e3o realizada em 2018"},"content":{"rendered":"<p>Segundo informa\u00e7\u00f5es do site da Prefeitura de Juiz de Fora, em continuidade ao processo licitat\u00f3rio realizado no ano de 2018, a Secretaria de Mobilidade Urbana (SMU) informa que, em breve, os equipamentos de fiscaliza\u00e7\u00e3o eletr\u00f4nica entram em opera\u00e7\u00e3o para garantir maior seguran\u00e7a ao tr\u00e2nsito de Juiz de Fora. Entre os antigos e novos radares, instalados nas vias com maiores \u00edndices de acidentes, a cidade ter\u00e1 um total de 54 pontos de fiscaliza\u00e7\u00e3o.<br \/>\nOs equipamentos registram o excesso de velocidade nas vias, os avan\u00e7os de sinais, a parada sobre faixa de pedestres e a circula\u00e7\u00e3o em faixa exclusiva de \u00f4nibus urbano e t\u00e1xi. A sinaliza\u00e7\u00e3o horizontal e vertical j\u00e1 foi instalada, conforme prev\u00ea o C\u00f3digo de Tr\u00e2nsito Brasileiro (CTB), em todos os pontos. A empresa respons\u00e1vel pelos radares na cidade \u00e9 a Mobit \u2013 Mobilidade, Ilumina\u00e7\u00e3o e Tecnologia, declarada vencedora da licita\u00e7\u00e3o realizada em 2018. Os equipamentos est\u00e3o em fase final de aferi\u00e7\u00e3o e valida\u00e7\u00e3o pelo Instituto de Metrologia e Qualidade do Estado de Minas Gerais (IPEM-MG).<br \/>\nO secret\u00e1rio de Mobilidade Urbana, Tadeu David, ressalta que os equipamentos s\u00e3o necess\u00e1rios para garantir um tr\u00e2nsito seguro e o direito \u00e0 vida, reduzindo o n\u00famero de v\u00edtimas em virtude de acidentes. Uma avalia\u00e7\u00e3o experimental dos radares poder\u00e1 ser feita pela popula\u00e7\u00e3o, que poder\u00e1 protocolar sua sugest\u00e3o para melhoria da fiscaliza\u00e7\u00e3o eletr\u00f4nica por meio de protocolo \u00e0 SMU pela plataforma Prefeitura \u00c1gil.<br \/>\nA listagem completa com os pontos de fiscaliza\u00e7\u00e3o eletr\u00f4nica podem ser conferidas no\u00a0<a href=\"https:\/\/www.pjf.mg.gov.br\/secretarias\/smu\/fiscalizacao-eletronica.php\"><strong>Portal da PJF<\/strong><\/a>\u00a0e no anexo.<\/p>\n<p><strong>Foto:<\/strong>\u00a0Carlos Mendon\u00e7a<\/p>\n","protected":false},"excerpt":{"rendered":"<p>Segundo informa\u00e7\u00f5es do site da Prefeitura de Juiz de Fora, em continuidade ao processo licitat\u00f3rio realizado no ano de 2018, a Secretaria de Mobilidade Urbana (SMU) informa que, em breve, os equipamentos de fiscaliza\u00e7\u00e3o eletr\u00f4nica entram em opera\u00e7\u00e3o para garantir maior seguran\u00e7a ao tr\u00e2nsito de Juiz de Fora. Entre os antigos e novos radares, instalados [&hellip;]<\/p>\n","protected":false},"author":246,"featured_media":198278,"comment_status":"closed","ping_status":"closed","sticky":false,"template":"","format":"standard","meta":{"footnotes":""},"categories":[253,436,439],"tags":[],"class_list":["post-198277","post","type-post","status-publish","format-standard","has-post-thumbnail","hentry","category-cidade","category-destaque-da-semana","category-ultima-hora"],"_links":{"self":[{"href":"https:\/\/diarioregionaldigital.com.br\/index.php?rest_route=\/wp\/v2\/posts\/198277","targetHints":{"allow":["GET"]}}],"collection":[{"href":"https:\/\/diarioregionaldigital.com.br\/index.php?rest_route=\/wp\/v2\/posts"}],"about":[{"href":"https:\/\/diarioregionaldigital.com.br\/index.php?rest_route=\/wp\/v2\/types\/post"}],"author":[{"embeddable":true,"href":"https:\/\/diarioregionaldigital.com.br\/index.php?rest_route=\/wp\/v2\/users\/246"}],"replies":[{"embeddable":true,"href":"https:\/\/diarioregionaldigital.com.br\/index.php?rest_route=%2Fwp%2Fv2%2Fcomments&post=198277"}],"version-history":[{"count":1,"href":"https:\/\/diarioregionaldigital.com.br\/index.php?rest_route=\/wp\/v2\/posts\/198277\/revisions"}],"predecessor-version":[{"id":198279,"href":"https:\/\/diarioregionaldigital.com.br\/index.php?rest_route=\/wp\/v2\/posts\/198277\/revisions\/198279"}],"wp:featuredmedia":[{"embeddable":true,"href":"https:\/\/diarioregionaldigital.com.br\/index.php?rest_route=\/wp\/v2\/media\/198278"}],"wp:attachment":[{"href":"https:\/\/diarioregionaldigital.com.br\/index.php?rest_route=%2Fwp%2Fv2%2Fmedia&parent=198277"}],"wp:term":[{"taxonomy":"category","embeddable":true,"href":"https:\/\/diarioregionaldigital.com.br\/index.php?rest_route=%2Fwp%2Fv2%2Fcategories&post=198277"},{"taxonomy":"post_tag","embeddable":true,"href":"https:\/\/diarioregionaldigital.com.br\/index.php?rest_route=%2Fwp%2Fv2%2Ftags&post=198277"}],"curies":[{"name":"wp","href":"https:\/\/api.w.org\/{rel}","templated":true}]}}