{"id":198274,"date":"2022-04-29T13:57:58","date_gmt":"2022-04-29T16:57:58","guid":{"rendered":"https:\/\/diarioregionaldigital.com.br\/?p=198274"},"modified":"2022-04-29T13:57:58","modified_gmt":"2022-04-29T16:57:58","slug":"mesa-de-discussao-debate-saude-do-trabalhador-no-dia-internacional-em-memoria-das-vitimas-de-acidentes-e-doencas-do-trabalho","status":"publish","type":"post","link":"https:\/\/diarioregionaldigital.com.br\/?p=198274","title":{"rendered":"Mesa de discuss\u00e3o debate sa\u00fade do trabalhador no Dia Internacional em Mem\u00f3ria das V\u00edtimas de Acidentes e Doen\u00e7as do Trabalho"},"content":{"rendered":"<p>Segundo informa\u00e7\u00f5es do site da Prefeitura de Juiz de Fora, no dia 28 de abril \u00e9 comemorado o \u201cDia Internacional em Mem\u00f3ria das V\u00edtimas de Acidentes e Doen\u00e7as do Trabalho\u201d. Para dar o merecido destaque \u00e0 data, a Secretaria Municipal de Sa\u00fade (SS), da Prefeitura de Juiz de Fora (PJF), atrav\u00e9s de seu Departamento de Vigil\u00e2ncia \u00e0 Sa\u00fade do Trabalhador (Dvisat), Conselho Municipal de Sa\u00fade e a Comiss\u00e3o Intersetorial de Sa\u00fade do Trabalhador (Cistt), realizou uma mesa de debate, em modalidade h\u00edbrida, com o tema \u201cInforma\u00e7\u00e3o em Sa\u00fade, Vigil\u00e2ncia e Cuidados com os trabalhadores no mundo do trabalho atual. Qual cidade queremos?\u201d.<\/p>\n<p>O evento, realizado no Teatro Paschoal Carlos Magno, celebrou esta data t\u00e3o significativa e simb\u00f3lica, como forma de criar uma cultura local de resist\u00eancia e de valoriza\u00e7\u00e3o. Segundo o secret\u00e1rio de Sa\u00fade, Ivan Chebli, \u201cneste momento e conjuntura pol\u00edtica e econ\u00f4mica que vivemos, onde milh\u00f5es perderam seus empregos, precisamos de uma prote\u00e7\u00e3o do Estado e, daqui pra frente, competem a Secretaria de Sa\u00fade e a sociedade, promover a sa\u00fade do trabalhador e intensificar a vigil\u00e2ncia nos ambientes de trabalho, evitando les\u00f5es e \u00f3bitos, que infelizmente acontecem em n\u00fameros absurdos nesse pa\u00eds por falta de puni\u00e7\u00e3o.\u201d<\/p>\n<p>A data \u00e9 celebrada em homenagem a dezenas de trabalhadores que morreram com a explos\u00e3o de uma mina no Estado da Virg\u00ednia, nos EUA, em 1969. De acordo com a Gerente do Departamento de VIgil\u00e2ncia \u00e0 Sa\u00fade do Trabalhador, Ivone Garcia \u00e9 importante sempre lembrar que \u201co trabalho n\u00e3o existe para matar, para adoecer. Muito pelo contr\u00e1rio, ele existe para garantir dignidade, sobrevida com qualidade, sa\u00fade, alegria, prazer, felicidade e direito de consumo. O dia 28 de Abril tem esse peso, esse valor e n\u00e3o podemos deixar isso ser esquecido\u201d.<\/p>\n<p>Componente da mesa, Robson Marques, Secret\u00e1rio Geral do Sindicato dos Banc\u00e1rios e representante do Cistt, parabenizou a Prefeitura e a SS, atrav\u00e9s da prefeita Margarida Salom\u00e3o e do Secret\u00e1rio Ivan Chebli, pela iniciativa do evento que, \u201cdemonstrou que o executivo possui sensibilidade e aten\u00e7\u00e3o aos anseios dos trabalhadores de Juiz de Fora, permitindo que a classe trabalhadora e as entidades sindicais possam refletir sobre a sa\u00fade laboral, que est\u00e1 invisibilizada. Para que entendam que o trabalho n\u00e3o pode gerar doen\u00e7as, n\u00e3o pode gerar mortes.\u201d<\/p>\n<p>O Professor do Instituto de Medicina Social da UERJ e pesquisador do Centro de Estudos Republicanos Brasileiros (Cerbras\/UFMG), Ronaldo Teodoro, participou remotamente e tamb\u00e9m parabenizou a organiza\u00e7\u00e3o pela iniciativa do evento, \u201cque o trouxe uma grande responsabilidade, que \u00e9 fazer uma reflex\u00e3o t\u00e3o importante como esta, tentando visitar alguns dos desafios necess\u00e1rios ao enfrentamento a esse v\u00ednculo fr\u00e1gil ainda entre as lutas do trabalho e as lutas da sa\u00fade\u201d.<\/p>\n","protected":false},"excerpt":{"rendered":"<p>Segundo informa\u00e7\u00f5es do site da Prefeitura de Juiz de Fora, no dia 28 de abril \u00e9 comemorado o \u201cDia Internacional em Mem\u00f3ria das V\u00edtimas de Acidentes e Doen\u00e7as do Trabalho\u201d. Para dar o merecido destaque \u00e0 data, a Secretaria Municipal de Sa\u00fade (SS), da Prefeitura de Juiz de Fora (PJF), atrav\u00e9s de seu Departamento de [&hellip;]<\/p>\n","protected":false},"author":246,"featured_media":198275,"comment_status":"closed","ping_status":"closed","sticky":false,"template":"","format":"standard","meta":{"footnotes":""},"categories":[253,436,439],"tags":[],"class_list":["post-198274","post","type-post","status-publish","format-standard","has-post-thumbnail","hentry","category-cidade","category-destaque-da-semana","category-ultima-hora"],"_links":{"self":[{"href":"https:\/\/diarioregionaldigital.com.br\/index.php?rest_route=\/wp\/v2\/posts\/198274","targetHints":{"allow":["GET"]}}],"collection":[{"href":"https:\/\/diarioregionaldigital.com.br\/index.php?rest_route=\/wp\/v2\/posts"}],"about":[{"href":"https:\/\/diarioregionaldigital.com.br\/index.php?rest_route=\/wp\/v2\/types\/post"}],"author":[{"embeddable":true,"href":"https:\/\/diarioregionaldigital.com.br\/index.php?rest_route=\/wp\/v2\/users\/246"}],"replies":[{"embeddable":true,"href":"https:\/\/diarioregionaldigital.com.br\/index.php?rest_route=%2Fwp%2Fv2%2Fcomments&post=198274"}],"version-history":[{"count":1,"href":"https:\/\/diarioregionaldigital.com.br\/index.php?rest_route=\/wp\/v2\/posts\/198274\/revisions"}],"predecessor-version":[{"id":198276,"href":"https:\/\/diarioregionaldigital.com.br\/index.php?rest_route=\/wp\/v2\/posts\/198274\/revisions\/198276"}],"wp:featuredmedia":[{"embeddable":true,"href":"https:\/\/diarioregionaldigital.com.br\/index.php?rest_route=\/wp\/v2\/media\/198275"}],"wp:attachment":[{"href":"https:\/\/diarioregionaldigital.com.br\/index.php?rest_route=%2Fwp%2Fv2%2Fmedia&parent=198274"}],"wp:term":[{"taxonomy":"category","embeddable":true,"href":"https:\/\/diarioregionaldigital.com.br\/index.php?rest_route=%2Fwp%2Fv2%2Fcategories&post=198274"},{"taxonomy":"post_tag","embeddable":true,"href":"https:\/\/diarioregionaldigital.com.br\/index.php?rest_route=%2Fwp%2Fv2%2Ftags&post=198274"}],"curies":[{"name":"wp","href":"https:\/\/api.w.org\/{rel}","templated":true}]}}