{"id":198268,"date":"2022-04-29T13:51:54","date_gmt":"2022-04-29T16:51:54","guid":{"rendered":"https:\/\/diarioregionaldigital.com.br\/?p=198268"},"modified":"2022-04-29T13:51:54","modified_gmt":"2022-04-29T16:51:54","slug":"santos-fica-no-empate-com-union-la-calera-na-sul-americana","status":"publish","type":"post","link":"https:\/\/diarioregionaldigital.com.br\/?p=198268","title":{"rendered":"Santos fica no empate com Uni\u00f3n La Calera na Sul-Americana"},"content":{"rendered":"<p>O Santos empatou em 1 a 1 com o Uni\u00f3n La Calera (Chile), na noite desta quinta-feira (28) no est\u00e1dio Sausalito, em Vi\u00f1a del Mar, pela terceira rodada da fase de grupos da Copa Sul-Americana.<img decoding=\"async\" src=\"https:\/\/agenciabrasil.ebc.com.br\/ebc.png?id=1456917&amp;o=node\" \/><img decoding=\"async\" src=\"https:\/\/agenciabrasil.ebc.com.br\/ebc.gif?id=1456917&amp;o=node\" \/><\/p>\n<p>Com este resultado o Peixe fica na terceira posi\u00e7\u00e3o do Grupo C com quatro pontos, um a menos do que a equipe chilena, que lidera a chave.<\/p>\n<p>O Santos abriu o placar logo aos nove minutos, quando Ricardo Goulart aproveitou sobra de bola na entrada da \u00e1rea para tocar para o equatoriano Bryan Angulo, que bateu de primeira. Por\u00e9m, o La Calera deixou tudo igual aos 25 minutos, com chute forte de Esteban Valencia.<\/p>\n<p>Agora o Santos se concentra no Brasileiro, onde enfrenta o S\u00e3o Paulo no Morumbi na segunda-feira (2).<\/p>\n<p><span style=\"font-weight: 400;\"><br \/>\n<\/span><span style=\"font-weight: 400;\">Fonte: Ag\u00eancia\u00a0 Brasil <\/span><\/p>\n","protected":false},"excerpt":{"rendered":"<p>O Santos empatou em 1 a 1 com o Uni\u00f3n La Calera (Chile), na noite desta quinta-feira (28) no est\u00e1dio Sausalito, em Vi\u00f1a del Mar, pela terceira rodada da fase de grupos da Copa Sul-Americana. Com este resultado o Peixe fica na terceira posi\u00e7\u00e3o do Grupo C com quatro pontos, um a menos do que [&hellip;]<\/p>\n","protected":false},"author":246,"featured_media":198269,"comment_status":"closed","ping_status":"closed","sticky":false,"template":"","format":"standard","meta":{"footnotes":""},"categories":[436,257,439],"tags":[],"class_list":["post-198268","post","type-post","status-publish","format-standard","has-post-thumbnail","hentry","category-destaque-da-semana","category-esporte","category-ultima-hora"],"_links":{"self":[{"href":"https:\/\/diarioregionaldigital.com.br\/index.php?rest_route=\/wp\/v2\/posts\/198268","targetHints":{"allow":["GET"]}}],"collection":[{"href":"https:\/\/diarioregionaldigital.com.br\/index.php?rest_route=\/wp\/v2\/posts"}],"about":[{"href":"https:\/\/diarioregionaldigital.com.br\/index.php?rest_route=\/wp\/v2\/types\/post"}],"author":[{"embeddable":true,"href":"https:\/\/diarioregionaldigital.com.br\/index.php?rest_route=\/wp\/v2\/users\/246"}],"replies":[{"embeddable":true,"href":"https:\/\/diarioregionaldigital.com.br\/index.php?rest_route=%2Fwp%2Fv2%2Fcomments&post=198268"}],"version-history":[{"count":1,"href":"https:\/\/diarioregionaldigital.com.br\/index.php?rest_route=\/wp\/v2\/posts\/198268\/revisions"}],"predecessor-version":[{"id":198270,"href":"https:\/\/diarioregionaldigital.com.br\/index.php?rest_route=\/wp\/v2\/posts\/198268\/revisions\/198270"}],"wp:featuredmedia":[{"embeddable":true,"href":"https:\/\/diarioregionaldigital.com.br\/index.php?rest_route=\/wp\/v2\/media\/198269"}],"wp:attachment":[{"href":"https:\/\/diarioregionaldigital.com.br\/index.php?rest_route=%2Fwp%2Fv2%2Fmedia&parent=198268"}],"wp:term":[{"taxonomy":"category","embeddable":true,"href":"https:\/\/diarioregionaldigital.com.br\/index.php?rest_route=%2Fwp%2Fv2%2Fcategories&post=198268"},{"taxonomy":"post_tag","embeddable":true,"href":"https:\/\/diarioregionaldigital.com.br\/index.php?rest_route=%2Fwp%2Fv2%2Ftags&post=198268"}],"curies":[{"name":"wp","href":"https:\/\/api.w.org\/{rel}","templated":true}]}}