{"id":198265,"date":"2022-04-29T13:49:07","date_gmt":"2022-04-29T16:49:07","guid":{"rendered":"https:\/\/diarioregionaldigital.com.br\/?p=198265"},"modified":"2022-04-29T13:49:07","modified_gmt":"2022-04-29T16:49:07","slug":"sul-americana-sao-paulo-derrota-wilstermann-e-fica-perto-da-vaga","status":"publish","type":"post","link":"https:\/\/diarioregionaldigital.com.br\/?p=198265","title":{"rendered":"Sul-Americana: S\u00e3o Paulo derrota Wilstermann e fica perto da vaga"},"content":{"rendered":"<p>O S\u00e3o Paulo manteve 100% de aproveitamento na Copa Sul-Americana ap\u00f3s derrotar o Jorge Wilstermann (Bol\u00edvia) por 3 a 1, nesta quinta-feira (28) na altitude do est\u00e1dio Felix Capriles, em Cochabamba.<img decoding=\"async\" src=\"https:\/\/agenciabrasil.ebc.com.br\/ebc.png?id=1456905&amp;o=node\" \/><img decoding=\"async\" src=\"https:\/\/agenciabrasil.ebc.com.br\/ebc.gif?id=1456905&amp;o=node\" \/><\/p>\n<p>Com este resultado o Tricolor segue na lideran\u00e7a do Grupo D, agora com nove pontos, com cinco de vantagem sobre o vice-l\u00edder Everton (Chile), o pr\u00f3ximo advers\u00e1rio da equipe do t\u00e9cnico Rog\u00e9rio Ceni na competi\u00e7\u00e3o, na quinta-feira (5).<\/p>\n<p>Mesmo jogando em casa, o Jorge Wilstermann optou por se fechar na defesa para tentar oferecer espa\u00e7os \u00e0 equipe brasileira e buscar oportunidades de marcar em jogadas de contra-ataque. Por\u00e9m, o S\u00e3o Paulo n\u00e3o se acomodou e conseguiu abrir o placar aos 22 minutos, quando Igor Vin\u00edcius recebeu na direita e cruzou para Igor Gomes bater de primeira.<\/p>\n<p>Antes do intervalo, a equipe boliviana empatou em cobran\u00e7a de p\u00eanalti de Osorio aos 30 minutos. Por\u00e9m, na etapa final o Tricolor do Morumbi conseguiu a virada gra\u00e7as a gols de Reinaldo, aos 18 minutos em cobran\u00e7a de p\u00eanalti, e de Marquinhos, aos 39.<\/p>\n<p>Agora o S\u00e3o Paulo se concentra no Brasileiro, onde enfrenta o Santos na pr\u00f3xima segunda-feira (2).<\/p>\n<p><span style=\"font-weight: 400;\"><br \/>\n<\/span><span style=\"font-weight: 400;\">Fonte: Ag\u00eancia\u00a0 Brasil <\/span><\/p>\n","protected":false},"excerpt":{"rendered":"<p>O S\u00e3o Paulo manteve 100% de aproveitamento na Copa Sul-Americana ap\u00f3s derrotar o Jorge Wilstermann (Bol\u00edvia) por 3 a 1, nesta quinta-feira (28) na altitude do est\u00e1dio Felix Capriles, em Cochabamba. Com este resultado o Tricolor segue na lideran\u00e7a do Grupo D, agora com nove pontos, com cinco de vantagem sobre o vice-l\u00edder Everton (Chile), [&hellip;]<\/p>\n","protected":false},"author":246,"featured_media":198266,"comment_status":"closed","ping_status":"closed","sticky":false,"template":"","format":"standard","meta":{"footnotes":""},"categories":[436,261,439],"tags":[],"class_list":["post-198265","post","type-post","status-publish","format-standard","has-post-thumbnail","hentry","category-destaque-da-semana","category-economia","category-ultima-hora"],"_links":{"self":[{"href":"https:\/\/diarioregionaldigital.com.br\/index.php?rest_route=\/wp\/v2\/posts\/198265","targetHints":{"allow":["GET"]}}],"collection":[{"href":"https:\/\/diarioregionaldigital.com.br\/index.php?rest_route=\/wp\/v2\/posts"}],"about":[{"href":"https:\/\/diarioregionaldigital.com.br\/index.php?rest_route=\/wp\/v2\/types\/post"}],"author":[{"embeddable":true,"href":"https:\/\/diarioregionaldigital.com.br\/index.php?rest_route=\/wp\/v2\/users\/246"}],"replies":[{"embeddable":true,"href":"https:\/\/diarioregionaldigital.com.br\/index.php?rest_route=%2Fwp%2Fv2%2Fcomments&post=198265"}],"version-history":[{"count":1,"href":"https:\/\/diarioregionaldigital.com.br\/index.php?rest_route=\/wp\/v2\/posts\/198265\/revisions"}],"predecessor-version":[{"id":198267,"href":"https:\/\/diarioregionaldigital.com.br\/index.php?rest_route=\/wp\/v2\/posts\/198265\/revisions\/198267"}],"wp:featuredmedia":[{"embeddable":true,"href":"https:\/\/diarioregionaldigital.com.br\/index.php?rest_route=\/wp\/v2\/media\/198266"}],"wp:attachment":[{"href":"https:\/\/diarioregionaldigital.com.br\/index.php?rest_route=%2Fwp%2Fv2%2Fmedia&parent=198265"}],"wp:term":[{"taxonomy":"category","embeddable":true,"href":"https:\/\/diarioregionaldigital.com.br\/index.php?rest_route=%2Fwp%2Fv2%2Fcategories&post=198265"},{"taxonomy":"post_tag","embeddable":true,"href":"https:\/\/diarioregionaldigital.com.br\/index.php?rest_route=%2Fwp%2Fv2%2Ftags&post=198265"}],"curies":[{"name":"wp","href":"https:\/\/api.w.org\/{rel}","templated":true}]}}