{"id":198262,"date":"2022-04-29T13:47:32","date_gmt":"2022-04-29T16:47:32","guid":{"rendered":"https:\/\/diarioregionaldigital.com.br\/?p=198262"},"modified":"2022-04-29T13:47:32","modified_gmt":"2022-04-29T16:47:32","slug":"gabriel-brilha-e-flamengo-derrota-universidad-catolica-no-chile","status":"publish","type":"post","link":"https:\/\/diarioregionaldigital.com.br\/?p=198262","title":{"rendered":"Gabriel brilha e Flamengo derrota Universidad Cat\u00f3lica no Chile"},"content":{"rendered":"<p>Contando com o brilho da dupla Bruno Henrique e Gabriel Barbosa, o Flamengo derrotou a Universidad Cat\u00f3lica (Chile) por 3 a 2, na noite desta quinta-feira (28) no est\u00e1dio San Carlos de Apoquindo, para se manter na lideran\u00e7a do Grupo H da Copa Libertadores com nove pontos.<img decoding=\"async\" src=\"https:\/\/agenciabrasil.ebc.com.br\/ebc.png?id=1456896&amp;o=node\" \/><img decoding=\"async\" src=\"https:\/\/agenciabrasil.ebc.com.br\/ebc.gif?id=1456896&amp;o=node\" \/><\/p>\n<p>O Flamengo come\u00e7ou o confronto em alta rota\u00e7\u00e3o, e n\u00e3o demorou a encontrar o primeiro gol. Aos sete minutos Bruno Henrique tabelou com Jo\u00e3o Gomes antes de tocar para Gabriel Barbosa, que bateu forte para abrir o placar.<\/p>\n<p>A equipe chilena chegou a ensaiar uma recupera\u00e7\u00e3o aos 15 minutos, quando Orellana finalizou e o lateral Isla acabou marcando contra.<\/p>\n<p>Por\u00e9m, o Rubro-Negro voltou a contar com a dupla Bruno Henrique e Gabriel Barbosa para chegar ao gol da vit\u00f3ria. Aos 34 Arrascaeta tocou para o camisa 27, que cruzou na medida para o camisa 9 marcar pela segunda vez no confronto.<\/p>\n<p>Na segunda etapa a equipe da casa cresceu na partida, em especial ap\u00f3s a sa\u00edda de campo de Arrascaeta, Bruno Henrique e Everton Ribeiro, mas foi justamente um dos jogadores que entraram na segunda etapa que marcou o gol que confirmou a vit\u00f3ria do Flamengo: L\u00e1zaro. J\u00e1 aos 39 o camisa 13 recebeu de Marinho e bateu muito forte para superar o goleiro Sebasti\u00e1n P\u00e9rez.<\/p>\n<p>Aos 48 o Universidad Cat\u00f3lica ainda marcou o segundo com Buonanotte, mas era tarde demais reagir.<\/p>\n<p>Ap\u00f3s a vit\u00f3ria na Libertadores, o time da G\u00e1vea direciona a aten\u00e7\u00e3o para a Copa do Brasil, onde pega o Altos no pr\u00f3ximo domingo (1). Tr\u00eas dias depois o Rubro-Negro volta a atuar pela competi\u00e7\u00e3o sul-americana, contra o Talleres (Argentina).<\/p>\n<p>Fonte: Ag\u00eancia Brasil<\/p>\n","protected":false},"excerpt":{"rendered":"<p>Contando com o brilho da dupla Bruno Henrique e Gabriel Barbosa, o Flamengo derrotou a Universidad Cat\u00f3lica (Chile) por 3 a 2, na noite desta quinta-feira (28) no est\u00e1dio San Carlos de Apoquindo, para se manter na lideran\u00e7a do Grupo H da Copa Libertadores com nove pontos. O Flamengo come\u00e7ou o confronto em alta rota\u00e7\u00e3o, [&hellip;]<\/p>\n","protected":false},"author":246,"featured_media":198263,"comment_status":"closed","ping_status":"closed","sticky":false,"template":"","format":"standard","meta":{"footnotes":""},"categories":[436,257,439],"tags":[],"class_list":["post-198262","post","type-post","status-publish","format-standard","has-post-thumbnail","hentry","category-destaque-da-semana","category-esporte","category-ultima-hora"],"_links":{"self":[{"href":"https:\/\/diarioregionaldigital.com.br\/index.php?rest_route=\/wp\/v2\/posts\/198262","targetHints":{"allow":["GET"]}}],"collection":[{"href":"https:\/\/diarioregionaldigital.com.br\/index.php?rest_route=\/wp\/v2\/posts"}],"about":[{"href":"https:\/\/diarioregionaldigital.com.br\/index.php?rest_route=\/wp\/v2\/types\/post"}],"author":[{"embeddable":true,"href":"https:\/\/diarioregionaldigital.com.br\/index.php?rest_route=\/wp\/v2\/users\/246"}],"replies":[{"embeddable":true,"href":"https:\/\/diarioregionaldigital.com.br\/index.php?rest_route=%2Fwp%2Fv2%2Fcomments&post=198262"}],"version-history":[{"count":1,"href":"https:\/\/diarioregionaldigital.com.br\/index.php?rest_route=\/wp\/v2\/posts\/198262\/revisions"}],"predecessor-version":[{"id":198264,"href":"https:\/\/diarioregionaldigital.com.br\/index.php?rest_route=\/wp\/v2\/posts\/198262\/revisions\/198264"}],"wp:featuredmedia":[{"embeddable":true,"href":"https:\/\/diarioregionaldigital.com.br\/index.php?rest_route=\/wp\/v2\/media\/198263"}],"wp:attachment":[{"href":"https:\/\/diarioregionaldigital.com.br\/index.php?rest_route=%2Fwp%2Fv2%2Fmedia&parent=198262"}],"wp:term":[{"taxonomy":"category","embeddable":true,"href":"https:\/\/diarioregionaldigital.com.br\/index.php?rest_route=%2Fwp%2Fv2%2Fcategories&post=198262"},{"taxonomy":"post_tag","embeddable":true,"href":"https:\/\/diarioregionaldigital.com.br\/index.php?rest_route=%2Fwp%2Fv2%2Ftags&post=198262"}],"curies":[{"name":"wp","href":"https:\/\/api.w.org\/{rel}","templated":true}]}}