{"id":198252,"date":"2022-04-29T13:39:16","date_gmt":"2022-04-29T16:39:16","guid":{"rendered":"https:\/\/diarioregionaldigital.com.br\/?p=198252"},"modified":"2022-04-29T13:39:16","modified_gmt":"2022-04-29T16:39:16","slug":"hospital-julia-kubitschek-anuncia-retorno-integral-da-unidade-de-emergencia-em-julho","status":"publish","type":"post","link":"https:\/\/diarioregionaldigital.com.br\/?p=198252","title":{"rendered":"Hospital J\u00falia Kubitschek anuncia retorno integral da Unidade de Emerg\u00eancia em julho"},"content":{"rendered":"<p>Os n\u00fameros positivos da vacina\u00e7\u00e3o em Minas Gerais e a melhoria dos \u00edndices epidemiol\u00f3gicos relativos \u00e0 pandemia permitiram que, ap\u00f3s dois anos dedicado\u00a0ao enfrentamento de\u00a0casos da covid-19, e depois de curto per\u00edodo de reorganiza\u00e7\u00e3o realizado entre mar\u00e7o e abril de 2022, a Unidade de Emerg\u00eancia do Hospital J\u00falia Kubitschek (HJK) possa voltar a atender \u00e0 popula\u00e7\u00e3o de maneira ampla.<\/p>\n<p>A<a href=\"https:\/\/www.fhemig.mg.gov.br\/\" target=\"_blank\" rel=\"noopener\">\u00a0Funda\u00e7\u00e3o Hospitalar do Estado de Minas Gerais (Fhemig)<\/a>\u00a0explica que ser\u00e3o abertos, inicialmente, j\u00e1 na primeira quinzena de maio, 30 leitos de enfermaria, funcionando como retaguarda para as Unidades de Pronto Atendimento (UPA\u2019s) referenciadas na Regi\u00e3o Metropolitana. A reabertura completa, retomando a \u201cporta aberta\u201d (demanda espont\u00e2nea), est\u00e1 prevista para julho deste ano. No momento, est\u00e1 em fase final a sele\u00e7\u00e3o para a contrata\u00e7\u00e3o de m\u00e9dicos cl\u00ednicos que ir\u00e3o integrar a equipe da Unidade de Emerg\u00eancia.<\/p>\n<p>Entre mar\u00e7o de 2020 e de 2022, a unidade de emerg\u00eancia do HJK teve seus leitos redirecionados para o enfrentamento aos casos da covid-19.\u00a0 Durante esse per\u00edodo, conforme diretrizes do Sistema \u00danico de Sa\u00fade (SUS), que estabelecem como compet\u00eancia municipal a demanda por pronto atendimento, a urg\u00eancia ficou sob responsabilidade da Unidade de Pronto Atendimento (UPA) da regi\u00e3o do Barreiro. O hospital teve fundamental import\u00e2ncia, com a abertura de leitos de terapia intensiva e enfermaria, em momentos cr\u00edticos da pandemia. A maternidade do HJK foi, inclusive, refer\u00eancia para o atendimento a gestantes e pu\u00e9rperas (m\u00e3es que deram \u00e0 luz recentemente) com covid-19 ou com suspeitas da doen\u00e7a.\u00a0 Em 2019 e 2020, a m\u00e9dia no pronto atendimento do HJK esteve em 90 atendimentos por dia.<\/p>\n<p><strong>Bloco cir\u00fargico<\/strong><\/p>\n<p>Em 2021, a Unidade de Terapia Intensiva do HJK foi inaugurada com capacidade de 40 leitos, sejam referenciados pela regula\u00e7\u00e3o municipal ou demandados pela Unidade de Emerg\u00eancia. Atualmente, est\u00e3o em funcionamento 20 leitos de terapia intensiva, sendo 16 leitos n\u00e3o-covid. A meta, agora, \u00e9 manter todos os 40 leitos de UTI e ampliar o bloco cir\u00fargico, que j\u00e1 est\u00e1 com cerca de 75% das obras conclu\u00eddas e a entrega prevista para junho deste ano.<\/p>\n<p>O bloco cir\u00fargico do Hospital J\u00falia Kubitschek passar\u00e1 a contar com sete salas &#8211; tr\u00eas a mais do que tem hoje &#8211; atendendo \u00e0 demanda de cirurgias acumuladas durante o per\u00edodo pand\u00eamico. A capacidade de cirurgias ser\u00e1 ampliada em cerca de 40%, impactando positivamente no acesso da popula\u00e7\u00e3o referenciada ao hospital.<\/p>\n<p>O HJK \u00e9 refer\u00eancia regional para diversas especialidades, principalmente aquelas voltadas para as doen\u00e7as respirat\u00f3rias e neuromusculares. Tamb\u00e9m oferece a maternidade para gesta\u00e7\u00f5es de alto risco.<\/p>\n<p><strong>Investimentos<\/strong><\/p>\n<p>Desde 2019, a Fhemig j\u00e1 investiu quase R$ 20 milh\u00f5es no Hospital J\u00falia Kubitschek em obras, como a inaugura\u00e7\u00e3o de leitos, moderniza\u00e7\u00e3o da rede el\u00e9trica e aquisi\u00e7\u00e3o de mobili\u00e1rios e equipamentos. Em 2022,\u00a0R$ 22 milh\u00f5es est\u00e3o sendo investidos para a finaliza\u00e7\u00e3o da obra de moderniza\u00e7\u00e3o e amplia\u00e7\u00e3o do bloco cir\u00fargico e em todos os equipamentos necess\u00e1rios para seu pleno funcionamento, al\u00e9m da revitaliza\u00e7\u00e3o do telhado e pintura de todo o hospital. Esses investimentos promovem maior seguran\u00e7a aos pacientes e garantem a amplia\u00e7\u00e3o, renova\u00e7\u00e3o e moderniza\u00e7\u00e3o de todo o parque tecnol\u00f3gico da unidade hospitalar.<\/p>\n<p><strong>Vagas<\/strong><\/p>\n<p>A Funda\u00e7\u00e3o tem aberto de forma recorrente editais de sele\u00e7\u00e3o simplificada para preenchimento imediato das vagas quando h\u00e1 necessidade de composi\u00e7\u00e3o de equipes em raz\u00e3o da abertura ou amplia\u00e7\u00e3o de servi\u00e7os e at\u00e9 mesmo de desligamentos.<\/p>\n<p>O\u00a0<a href=\"https:\/\/www.mg.gov.br\/\" target=\"_blank\" rel=\"noopener\">Governo de Minas<\/a>\u00a0tamb\u00e9m aprovou a abertura de concurso p\u00fablico. O \u00faltimo concurso geral da Fhemig foi ofertado em 2012. Os novos profissionais ir\u00e3o contribuir para a assist\u00eancia em sa\u00fade nos hospitais da rede e ser\u00e3o alocados nas unidades que n\u00e3o ir\u00e3o passar por altera\u00e7\u00e3o do modelo de gest\u00e3o.<\/p>\n<p>Fonte: Ag\u00eancia Minas<\/p>\n","protected":false},"excerpt":{"rendered":"<p>Os n\u00fameros positivos da vacina\u00e7\u00e3o em Minas Gerais e a melhoria dos \u00edndices epidemiol\u00f3gicos relativos \u00e0 pandemia permitiram que, ap\u00f3s dois anos dedicado\u00a0ao enfrentamento de\u00a0casos da covid-19, e depois de curto per\u00edodo de reorganiza\u00e7\u00e3o realizado entre mar\u00e7o e abril de 2022, a Unidade de Emerg\u00eancia do Hospital J\u00falia Kubitschek (HJK) possa voltar a atender \u00e0 [&hellip;]<\/p>\n","protected":false},"author":246,"featured_media":198253,"comment_status":"closed","ping_status":"closed","sticky":false,"template":"","format":"standard","meta":{"footnotes":""},"categories":[436,257,439],"tags":[],"class_list":["post-198252","post","type-post","status-publish","format-standard","has-post-thumbnail","hentry","category-destaque-da-semana","category-esporte","category-ultima-hora"],"_links":{"self":[{"href":"https:\/\/diarioregionaldigital.com.br\/index.php?rest_route=\/wp\/v2\/posts\/198252","targetHints":{"allow":["GET"]}}],"collection":[{"href":"https:\/\/diarioregionaldigital.com.br\/index.php?rest_route=\/wp\/v2\/posts"}],"about":[{"href":"https:\/\/diarioregionaldigital.com.br\/index.php?rest_route=\/wp\/v2\/types\/post"}],"author":[{"embeddable":true,"href":"https:\/\/diarioregionaldigital.com.br\/index.php?rest_route=\/wp\/v2\/users\/246"}],"replies":[{"embeddable":true,"href":"https:\/\/diarioregionaldigital.com.br\/index.php?rest_route=%2Fwp%2Fv2%2Fcomments&post=198252"}],"version-history":[{"count":1,"href":"https:\/\/diarioregionaldigital.com.br\/index.php?rest_route=\/wp\/v2\/posts\/198252\/revisions"}],"predecessor-version":[{"id":198254,"href":"https:\/\/diarioregionaldigital.com.br\/index.php?rest_route=\/wp\/v2\/posts\/198252\/revisions\/198254"}],"wp:featuredmedia":[{"embeddable":true,"href":"https:\/\/diarioregionaldigital.com.br\/index.php?rest_route=\/wp\/v2\/media\/198253"}],"wp:attachment":[{"href":"https:\/\/diarioregionaldigital.com.br\/index.php?rest_route=%2Fwp%2Fv2%2Fmedia&parent=198252"}],"wp:term":[{"taxonomy":"category","embeddable":true,"href":"https:\/\/diarioregionaldigital.com.br\/index.php?rest_route=%2Fwp%2Fv2%2Fcategories&post=198252"},{"taxonomy":"post_tag","embeddable":true,"href":"https:\/\/diarioregionaldigital.com.br\/index.php?rest_route=%2Fwp%2Fv2%2Ftags&post=198252"}],"curies":[{"name":"wp","href":"https:\/\/api.w.org\/{rel}","templated":true}]}}