{"id":198248,"date":"2022-04-29T13:37:49","date_gmt":"2022-04-29T16:37:49","guid":{"rendered":"https:\/\/diarioregionaldigital.com.br\/?p=198248"},"modified":"2022-04-29T13:37:49","modified_gmt":"2022-04-29T16:37:49","slug":"tres-em-cada-quatro-idosos-ainda-nao-tomaram-a-vacina-contra-a-gripe","status":"publish","type":"post","link":"https:\/\/diarioregionaldigital.com.br\/?p=198248","title":{"rendered":"Tr\u00eas em cada quatro idosos ainda n\u00e3o tomaram a vacina contra a gripe"},"content":{"rendered":"<p>A primeira etapa da Campanha de Vacina\u00e7\u00e3o contra a Influenza chega ao fim neste fim de semana com \u00edndices de imuniza\u00e7\u00e3o abaixo da meta. At\u00e9 o momento foram vacinados apenas 27,8% dos idosos e 30,4% dos trabalhadores da sa\u00fade, que s\u00e3o os grupos priorit\u00e1rios desta fase. A meta \u00e9 alcan\u00e7ar uma taxa de imuniza\u00e7\u00e3o de 90%.<\/p>\n<p>No caso das pessoas com 60 anos de idade ou mais, foram aplicadas 958.681 doses, de um total estimado de 3.442.911 indiv\u00edduos nessa faixa et\u00e1ria em Minas Gerais. Em rela\u00e7\u00e3o aos trabalhadores da sa\u00fade, 184.414 receberam a vacina, em um universo de 606.091 profissionais.<\/p>\n<p>Para estimular as pessoas a se vacinarem, a\u00a0<a href=\"https:\/\/www.saude.mg.gov.br\/\" target=\"_blank\" rel=\"noopener\">Secretaria de Estado de Sa\u00fade de Minas Gerais (SES-MG)<\/a>\u00a0promove neste s\u00e1bado (30\/4) o Dia D de Mobiliza\u00e7\u00e3o, quando as Unidades B\u00e1sicas de Sa\u00fade (UBSs) em todo o estado estar\u00e3o abertas para aplica\u00e7\u00e3o do imunizante. Nesta data, as crian\u00e7as de seis meses a menores de cinco anos de idade (quatro anos, 11 meses e 29 dias) tamb\u00e9m poder\u00e3o ser vacinadas.<\/p>\n<p>A partir da pr\u00f3xima semana, a campanha entra na segunda fase, que tem como grupos priorit\u00e1rios, al\u00e9m das crian\u00e7as, gestantes, pu\u00e9rperas, ind\u00edgenas, pessoas com comorbidades e professores, entre outros segmentos. At\u00e9 3\/6, a estimativa \u00e9 que 8.299.488 pessoas sejam vacinadas ao longo das duas fases da campanha no estado.<\/p>\n<p>A coordenadora do Programa de Imuniza\u00e7\u00f5es da SES-MG, Josianne Dias Gusm\u00e3o, explica que quem ainda n\u00e3o foi imunizado e pertence aos grupos priorit\u00e1rios deve procurar uma das Unidades B\u00e1sicas de Sa\u00fade do estado. \u201cPessoas com 60 anos ou mais de idade e trabalhadores da sa\u00fade que n\u00e3o se vacinaram contra a influenza podem procurar um posto de sa\u00fade perto de casa para se imunizar. Mesmo quem se imunizou contra a influenza em 2021 e faz parte dos grupos priorit\u00e1rios da campanha deste ano deve tomar a vacina novamente\u201d, explica.<\/p>\n<p>A vacina Influenza trivalente oferecida gratuitamente pelo Sistema \u00danico de Sa\u00fade (SUS) em 2022 \u00e9 eficaz contra as cepas H1N1, H3N2 e tipo B. Segundo Josianne, a vacina\u00e7\u00e3o anual previne as formas graves da doen\u00e7a. \u201cA vacina tem como objetivo reduzir as complica\u00e7\u00f5es, as interna\u00e7\u00f5es e a mortalidade decorrentes das infec\u00e7\u00f5es pelo v\u00edrus da influenza na popula\u00e7\u00e3o-alvo para a vacina\u00e7\u00e3o. Por isso \u00e9 muito importante procurar um posto e se imunizar\u201d, finaliza.<\/p>\n<p><strong>Confira o cronograma da 24\u00aa Campanha de Vacina\u00e7\u00e3o contra a Influenza<\/p>\n<p>Primeira etapa \u2013 de 4\/4 a 30\/4\/2022<\/strong><\/p>\n<p>&#8211; Idosos com 60 anos ou mais<\/p>\n<p>&#8211; Trabalhadores da sa\u00fade<\/p>\n<p><strong>Dia D de Mobiliza\u00e7\u00e3o \u2013 30\/4\/2022<\/strong><\/p>\n<p><strong>Segunda etapa \u2013 de 2\/5 a 3\/6\/2022<\/strong><\/p>\n<p>&#8211; Crian\u00e7as (de seis meses a menos de cinco anos)<\/p>\n<p>&#8211; Gestantes e pu\u00e9rperas<\/p>\n<p>&#8211; Povos ind\u00edgenas<\/p>\n<p>&#8211; Professores<\/p>\n<p>&#8211; Pessoas com comorbidades<\/p>\n<p>&#8211; Pessoas com defici\u00eancia permanente<\/p>\n<p>&#8211; Caminhoneiros e trabalhadores de transporte coletivo rodovi\u00e1rio de passageiros urbano e de longo curso<\/p>\n<p>&#8211; Trabalhadores portu\u00e1rios<\/p>\n<p>&#8211; For\u00e7as de seguran\u00e7a, salvamento e For\u00e7as Armadas<\/p>\n<p>&#8211; Popula\u00e7\u00e3o privada de liberdade e funcion\u00e1rios do sistema de priva\u00e7\u00e3o de liberdade<\/p>\n<p>&#8211; Adolescentes e jovens de 12 a 21 anos de idade sob medidas socioeducativas<\/p>\n<p>Fonte: Ag\u00eancia Minas<\/p>\n","protected":false},"excerpt":{"rendered":"<p>A primeira etapa da Campanha de Vacina\u00e7\u00e3o contra a Influenza chega ao fim neste fim de semana com \u00edndices de imuniza\u00e7\u00e3o abaixo da meta. At\u00e9 o momento foram vacinados apenas 27,8% dos idosos e 30,4% dos trabalhadores da sa\u00fade, que s\u00e3o os grupos priorit\u00e1rios desta fase. A meta \u00e9 alcan\u00e7ar uma taxa de imuniza\u00e7\u00e3o de [&hellip;]<\/p>\n","protected":false},"author":246,"featured_media":198249,"comment_status":"closed","ping_status":"closed","sticky":false,"template":"","format":"standard","meta":{"footnotes":""},"categories":[436,254,439],"tags":[],"class_list":["post-198248","post","type-post","status-publish","format-standard","has-post-thumbnail","hentry","category-destaque-da-semana","category-politica","category-ultima-hora"],"_links":{"self":[{"href":"https:\/\/diarioregionaldigital.com.br\/index.php?rest_route=\/wp\/v2\/posts\/198248","targetHints":{"allow":["GET"]}}],"collection":[{"href":"https:\/\/diarioregionaldigital.com.br\/index.php?rest_route=\/wp\/v2\/posts"}],"about":[{"href":"https:\/\/diarioregionaldigital.com.br\/index.php?rest_route=\/wp\/v2\/types\/post"}],"author":[{"embeddable":true,"href":"https:\/\/diarioregionaldigital.com.br\/index.php?rest_route=\/wp\/v2\/users\/246"}],"replies":[{"embeddable":true,"href":"https:\/\/diarioregionaldigital.com.br\/index.php?rest_route=%2Fwp%2Fv2%2Fcomments&post=198248"}],"version-history":[{"count":2,"href":"https:\/\/diarioregionaldigital.com.br\/index.php?rest_route=\/wp\/v2\/posts\/198248\/revisions"}],"predecessor-version":[{"id":198251,"href":"https:\/\/diarioregionaldigital.com.br\/index.php?rest_route=\/wp\/v2\/posts\/198248\/revisions\/198251"}],"wp:featuredmedia":[{"embeddable":true,"href":"https:\/\/diarioregionaldigital.com.br\/index.php?rest_route=\/wp\/v2\/media\/198249"}],"wp:attachment":[{"href":"https:\/\/diarioregionaldigital.com.br\/index.php?rest_route=%2Fwp%2Fv2%2Fmedia&parent=198248"}],"wp:term":[{"taxonomy":"category","embeddable":true,"href":"https:\/\/diarioregionaldigital.com.br\/index.php?rest_route=%2Fwp%2Fv2%2Fcategories&post=198248"},{"taxonomy":"post_tag","embeddable":true,"href":"https:\/\/diarioregionaldigital.com.br\/index.php?rest_route=%2Fwp%2Fv2%2Ftags&post=198248"}],"curies":[{"name":"wp","href":"https:\/\/api.w.org\/{rel}","templated":true}]}}