{"id":198245,"date":"2022-04-29T13:35:46","date_gmt":"2022-04-29T16:35:46","guid":{"rendered":"https:\/\/diarioregionaldigital.com.br\/?p=198245"},"modified":"2022-04-29T13:35:46","modified_gmt":"2022-04-29T16:35:46","slug":"secretario-de-saude-de-minas-assume-vice-presidencia-do-conass","status":"publish","type":"post","link":"https:\/\/diarioregionaldigital.com.br\/?p=198245","title":{"rendered":"Secret\u00e1rio de Sa\u00fade de Minas assume vice-presid\u00eancia do Conass"},"content":{"rendered":"<p>O secret\u00e1rio de\u00a0<a href=\"https:\/\/www.saude.mg.gov.br\/\" target=\"_blank\" rel=\"noopener\">Estado de Sa\u00fade de Minas Gerais (SES-MG)<\/a>, o m\u00e9dico F\u00e1bio Baccheretti, tomou posse como vice-presidente do Conselho Nacional de Secret\u00e1rios de Sa\u00fade (Conass), nesta quarta-feira (27\/4), em solenidade realizada na sede da Organiza\u00e7\u00e3o Pan-Americana da Sa\u00fade (Opas), em Bras\u00edlia (DF).<\/p>\n<p>\u201cEstou honrado com a oportunidade de ocupar esse cargo no Conass, que obteve um reconhecimento por parte da sociedade com um posicionamento marcante em rela\u00e7\u00e3o \u00e0 condu\u00e7\u00e3o das medidas de enfrentamento \u00e0 pandemia de covid-19\u201d,\u00a0 afirmou F\u00e1bio Baccheretti, que tamb\u00e9m destacou a import\u00e2ncia da ado\u00e7\u00e3o de medidas para valorizar ainda mais o Sistema \u00danico de Sa\u00fade (SUS). \u201cEspero contribuir com o SUS para que possamos desenvolver pol\u00edticas robustas e melhor discutidas para transformar as vidas dos mineiros e de todos os brasileiros\u201d.<\/p>\n<p>Baccheretti faz parte da diretoria encabe\u00e7ada pelo secret\u00e1rio de Estado de Sa\u00fade do Esp\u00edrito Santo, N\u00e9sio Fernandes, que assume a presid\u00eancia do Conass para a gest\u00e3o 2022\/2023. Os outros vice-presidentes do conselho para esta gest\u00e3o s\u00e3o o secret\u00e1rio de Sa\u00fade do Amap\u00e1, Juan Mendes da Silva, o secret\u00e1rio de Sa\u00fade do Rio Grande do Norte, Cipriano Maia de Vasconcelos, o secret\u00e1rio de Sa\u00fade de Goi\u00e1s, Sandro Rog\u00e9rio Rodrigues Batista, e o secret\u00e1rio de Sa\u00fade do Paran\u00e1, C\u00e9sar Augusto Neves Luiz.<\/p>\n<p>O novo presidente, N\u00e9sio Fernandes, enalteceu o SUS, que segundo ele reflete a capacidade de luta de um povo pela vida. \u201cO SUS \u00e9 resultado de d\u00e9cadas de constru\u00e7\u00e3o, em ambientes de tens\u00e3o, reivindica\u00e7\u00e3o, diferen\u00e7as de opini\u00e3o, mas tamb\u00e9m pela busca de entendimentos e unidades na a\u00e7\u00e3o. Ele \u00e9 instrumento de justi\u00e7a social\u201d, disse.<\/p>\n<p>O evento contou com a participa\u00e7\u00e3o de representantes do Minist\u00e9rio da Sa\u00fade, do Conselho Nacional de Secretarias municipais de Sa\u00fade (Conasems), Conselho Nacional de Sa\u00fade (CNS), da Ag\u00eancia Nacional de Vigil\u00e2ncia Sanit\u00e1ria (Anvisa), parlamentares, al\u00e9m de outras institui\u00e7\u00f5es da \u00e1rea da sa\u00fade.<\/p>\n<p>Fonte: Ag\u00eancia Minas<\/p>\n","protected":false},"excerpt":{"rendered":"<p>O secret\u00e1rio de\u00a0Estado de Sa\u00fade de Minas Gerais (SES-MG), o m\u00e9dico F\u00e1bio Baccheretti, tomou posse como vice-presidente do Conselho Nacional de Secret\u00e1rios de Sa\u00fade (Conass), nesta quarta-feira (27\/4), em solenidade realizada na sede da Organiza\u00e7\u00e3o Pan-Americana da Sa\u00fade (Opas), em Bras\u00edlia (DF). \u201cEstou honrado com a oportunidade de ocupar esse cargo no Conass, que obteve [&hellip;]<\/p>\n","protected":false},"author":246,"featured_media":198246,"comment_status":"closed","ping_status":"closed","sticky":false,"template":"","format":"standard","meta":{"footnotes":""},"categories":[436,440,254,439],"tags":[],"class_list":["post-198245","post","type-post","status-publish","format-standard","has-post-thumbnail","hentry","category-destaque-da-semana","category-destaques-do-dia","category-politica","category-ultima-hora"],"_links":{"self":[{"href":"https:\/\/diarioregionaldigital.com.br\/index.php?rest_route=\/wp\/v2\/posts\/198245","targetHints":{"allow":["GET"]}}],"collection":[{"href":"https:\/\/diarioregionaldigital.com.br\/index.php?rest_route=\/wp\/v2\/posts"}],"about":[{"href":"https:\/\/diarioregionaldigital.com.br\/index.php?rest_route=\/wp\/v2\/types\/post"}],"author":[{"embeddable":true,"href":"https:\/\/diarioregionaldigital.com.br\/index.php?rest_route=\/wp\/v2\/users\/246"}],"replies":[{"embeddable":true,"href":"https:\/\/diarioregionaldigital.com.br\/index.php?rest_route=%2Fwp%2Fv2%2Fcomments&post=198245"}],"version-history":[{"count":1,"href":"https:\/\/diarioregionaldigital.com.br\/index.php?rest_route=\/wp\/v2\/posts\/198245\/revisions"}],"predecessor-version":[{"id":198247,"href":"https:\/\/diarioregionaldigital.com.br\/index.php?rest_route=\/wp\/v2\/posts\/198245\/revisions\/198247"}],"wp:featuredmedia":[{"embeddable":true,"href":"https:\/\/diarioregionaldigital.com.br\/index.php?rest_route=\/wp\/v2\/media\/198246"}],"wp:attachment":[{"href":"https:\/\/diarioregionaldigital.com.br\/index.php?rest_route=%2Fwp%2Fv2%2Fmedia&parent=198245"}],"wp:term":[{"taxonomy":"category","embeddable":true,"href":"https:\/\/diarioregionaldigital.com.br\/index.php?rest_route=%2Fwp%2Fv2%2Fcategories&post=198245"},{"taxonomy":"post_tag","embeddable":true,"href":"https:\/\/diarioregionaldigital.com.br\/index.php?rest_route=%2Fwp%2Fv2%2Ftags&post=198245"}],"curies":[{"name":"wp","href":"https:\/\/api.w.org\/{rel}","templated":true}]}}