{"id":198236,"date":"2022-04-29T13:27:57","date_gmt":"2022-04-29T16:27:57","guid":{"rendered":"https:\/\/diarioregionaldigital.com.br\/?p=198236"},"modified":"2022-04-29T13:27:57","modified_gmt":"2022-04-29T16:27:57","slug":"vendas-reais-da-industria-paulista-recuam-em-marco-aponta-fiesp","status":"publish","type":"post","link":"https:\/\/diarioregionaldigital.com.br\/?p=198236","title":{"rendered":"Vendas reais da ind\u00fastria paulista recuam em mar\u00e7o, aponta Fiesp"},"content":{"rendered":"<p>As vendas reais da ind\u00fastria de transforma\u00e7\u00e3o paulista recuaram 1,2% no m\u00eas de mar\u00e7o na compara\u00e7\u00e3o com fevereiro, conforme aponta o Levantamento de Conjuntura da Federa\u00e7\u00e3o das Ind\u00fastrias do Estado de S\u00e3o Paulo (Fiesp) em conjunto com o Centro das Ind\u00fastrias do Estado de S\u00e3o Paulo (Ciesp).<img decoding=\"async\" src=\"https:\/\/agenciabrasil.ebc.com.br\/ebc.png?id=1457005&amp;o=node\" \/><img decoding=\"async\" src=\"https:\/\/agenciabrasil.ebc.com.br\/ebc.gif?id=1457005&amp;o=node\" \/><\/p>\n<p>No ano, \u00e9 a segunda queda consecutiva do indicador de vendas reais. Em fevereiro, a vari\u00e1vel apresentou retra\u00e7\u00e3o de 1,5% e est\u00e1 5,3% inferior ao patamar pr\u00e9-pandemia (fevereiro\/2020).<\/p>\n<p>As horas trabalhadas na produ\u00e7\u00e3o (-0,3%), informa\u00e7\u00e3o antecipada pelo componente de produ\u00e7\u00e3o da Sondagem Industrial divulgada pela Fiesp, e o Nuci \u2013 N\u00edvel de Utiliza\u00e7\u00e3o da Capacidade Instalada (-0,1 p.p.), tamb\u00e9m apresentaram resultados negativos no m\u00eas. A \u00fanica vari\u00e1vel acompanhada na pesquisa com crescimento no m\u00eas foi sal\u00e1rios reais m\u00e9dios com varia\u00e7\u00e3o de 0,3% ante o m\u00eas anterior. Todos os dados est\u00e3o com tratamento sazonal.<\/p>\n<p>Apesar das contra\u00e7\u00f5es no m\u00eas de mar\u00e7o, o encerramento do 1\u00ba trimestre de 2022 na compara\u00e7\u00e3o com o 4\u00ba trimestre de 2021 foi positivo em tr\u00eas das quatro vari\u00e1veis acompanhadas na pesquisa. Destaque para as vendas reais com crescimento de 5% no trimestre, primeiro avan\u00e7o ap\u00f3s quatro trimestres consecutivos de retra\u00e7\u00e3o (1\u00ba trimestre\/2021: -2,2%; 2\u00ba trimestre\/2021: -3,2%; 3\u00ba trimestre\/2021: -6,4% e 4\u00ba trimestre\/2021: -5%).<\/p>\n<p>As outras duas vari\u00e1veis com avan\u00e7o nos tr\u00eas primeiros meses de 2022 foram sal\u00e1rios reais m\u00e9dios (1,7%) e Nuci (0,2 p.p.). J\u00e1 as horas trabalhadas na produ\u00e7\u00e3o comprimiram 0,6% no per\u00edodo frente ao trimestre imediatamente anterior.<\/p>\n<h2>Sensor<\/h2>\n<p>O Sensor do m\u00eas de abril encerrou em 52,2 pontos, na s\u00e9rie com ajuste sazonal, resultado superior ao m\u00eas de mar\u00e7o, quando marcou 48,3 pontos. Leituras acima de 50 pontos indicam expans\u00e3o da atividade industrial paulista no m\u00eas.<\/p>\n<p>No m\u00eas, o indicador de mercado (setor de atua\u00e7\u00e3o) foi a principal influ\u00eancia no resultado do indicador geral. Avan\u00e7ou 6,7 pontos em rela\u00e7\u00e3o ao \u00faltimo resultado divulgado, de 47,8 pontos para 54,6 pontos entre mar\u00e7o e abril, dados com ajuste sazonal. Valores acima dos 50 pontos indicam melhora das condi\u00e7\u00f5es de mercado.<\/p>\n<p>O componente de vendas cresceu 2,6 pontos em rela\u00e7\u00e3o ao m\u00eas de mar\u00e7o encerrando em 53,2 pontos na leitura atual, dado com tratamento sazonal. Por permanecer acima dos 50 pontos h\u00e1 ind\u00edcios de alta das vendas no m\u00eas.<\/p>\n<p>O componente de estoque das ind\u00fastrias paulistas est\u00e3o acima do planejado, ao marcar 47,8 pontos ante 46,3 pontos do m\u00eas de mar\u00e7o, dados com ajuste sazonal. Leituras superiores a 50 pontos indicam estoque abaixo do desej\u00e1vel, ao passo que inferiores a 50 pontos indicam sobrestoque.<\/p>\n<p>O item emprego apresentou alta de 1,1 ponto atingindo 49,5 pontos, contra 48,4 pontos na leitura anterior, dados com ajuste sazonal. Apesar da alta, o \u00edndice permanece abaixo de 50 pontos.<\/p>\n<p>Por fim, o indicador de investimentos teve alta de 4,4 pontos, ao passar de 48,7 pontos em mar\u00e7o para 53,1 pontos no m\u00eas de abril, dado dessazonalizado. Por estar acima dos 50 pontos, h\u00e1 a expectativa de maiores investimentos por parte das ind\u00fastrias paulistas no m\u00eas.<\/p>\n<p>Fonte: Ag\u00eancia Brasil<\/p>\n","protected":false},"excerpt":{"rendered":"<p>As vendas reais da ind\u00fastria de transforma\u00e7\u00e3o paulista recuaram 1,2% no m\u00eas de mar\u00e7o na compara\u00e7\u00e3o com fevereiro, conforme aponta o Levantamento de Conjuntura da Federa\u00e7\u00e3o das Ind\u00fastrias do Estado de S\u00e3o Paulo (Fiesp) em conjunto com o Centro das Ind\u00fastrias do Estado de S\u00e3o Paulo (Ciesp). No ano, \u00e9 a segunda queda consecutiva do [&hellip;]<\/p>\n","protected":false},"author":246,"featured_media":198237,"comment_status":"closed","ping_status":"closed","sticky":false,"template":"","format":"standard","meta":{"footnotes":""},"categories":[436,261,439],"tags":[],"class_list":["post-198236","post","type-post","status-publish","format-standard","has-post-thumbnail","hentry","category-destaque-da-semana","category-economia","category-ultima-hora"],"_links":{"self":[{"href":"https:\/\/diarioregionaldigital.com.br\/index.php?rest_route=\/wp\/v2\/posts\/198236","targetHints":{"allow":["GET"]}}],"collection":[{"href":"https:\/\/diarioregionaldigital.com.br\/index.php?rest_route=\/wp\/v2\/posts"}],"about":[{"href":"https:\/\/diarioregionaldigital.com.br\/index.php?rest_route=\/wp\/v2\/types\/post"}],"author":[{"embeddable":true,"href":"https:\/\/diarioregionaldigital.com.br\/index.php?rest_route=\/wp\/v2\/users\/246"}],"replies":[{"embeddable":true,"href":"https:\/\/diarioregionaldigital.com.br\/index.php?rest_route=%2Fwp%2Fv2%2Fcomments&post=198236"}],"version-history":[{"count":2,"href":"https:\/\/diarioregionaldigital.com.br\/index.php?rest_route=\/wp\/v2\/posts\/198236\/revisions"}],"predecessor-version":[{"id":198240,"href":"https:\/\/diarioregionaldigital.com.br\/index.php?rest_route=\/wp\/v2\/posts\/198236\/revisions\/198240"}],"wp:featuredmedia":[{"embeddable":true,"href":"https:\/\/diarioregionaldigital.com.br\/index.php?rest_route=\/wp\/v2\/media\/198237"}],"wp:attachment":[{"href":"https:\/\/diarioregionaldigital.com.br\/index.php?rest_route=%2Fwp%2Fv2%2Fmedia&parent=198236"}],"wp:term":[{"taxonomy":"category","embeddable":true,"href":"https:\/\/diarioregionaldigital.com.br\/index.php?rest_route=%2Fwp%2Fv2%2Fcategories&post=198236"},{"taxonomy":"post_tag","embeddable":true,"href":"https:\/\/diarioregionaldigital.com.br\/index.php?rest_route=%2Fwp%2Fv2%2Ftags&post=198236"}],"curies":[{"name":"wp","href":"https:\/\/api.w.org\/{rel}","templated":true}]}}