{"id":198233,"date":"2022-04-29T13:26:19","date_gmt":"2022-04-29T16:26:19","guid":{"rendered":"https:\/\/diarioregionaldigital.com.br\/?p=198233"},"modified":"2022-04-29T13:26:19","modified_gmt":"2022-04-29T16:26:19","slug":"indicador-de-incerteza-da-economia-recua-64-pontos-em-abril","status":"publish","type":"post","link":"https:\/\/diarioregionaldigital.com.br\/?p=198233","title":{"rendered":"Indicador de Incerteza da Economia recua 6,4 pontos em abril"},"content":{"rendered":"<p>O Indicador de Incerteza da Economia (IIE-Br) recuou 6,4 pontos em abril para 114,9 pontos (pts), menor n\u00edvel desde janeiro de 2020 (112,9 pts), per\u00edodo anterior \u00e0 pandemia de covid-19 no pa\u00eds. O \u00edndice foi divulgado hoje (29) pelo Instituto Brasileiro de Economia da Funda\u00e7\u00e3o Getulio Vargas (Ibre\/FGV).<img decoding=\"async\" src=\"https:\/\/agenciabrasil.ebc.com.br\/ebc.png?id=1457009&amp;o=node\" \/><img decoding=\"async\" src=\"https:\/\/agenciabrasil.ebc.com.br\/ebc.gif?id=1457009&amp;o=node\" \/><\/p>\n<p>Segundo a economista do Ibre\/FGV, Anna Carolina Gouveia, com o resultado de abril, o indicador retornou ao patamar anterior \u00e0 pandemia pela primeira vez desde o in\u00edcio da crise sanit\u00e1ria. \u201cUm n\u00edvel bastante inferior ao dos piores momentos da crise, mas ainda elevado em termos hist\u00f3ricos. A converg\u00eancia a este patamar ocorre exatamente dois anos ap\u00f3s o pior momento da crise, e reflete em grande medida a sensa\u00e7\u00e3o de que a pandemia estaria sob controle\u201d, disse ela, em nota.<\/p>\n<p>A economista acrescentou que o resultado tamb\u00e9m foi influenciado por uma vis\u00e3o menos pessimista em rela\u00e7\u00e3o ao impacto potencial de curto prazo do conflito entre R\u00fassia e Ucr\u00e2nia no pa\u00eds.<\/p>\n<p>Os dois componentes do Indicador de Incerteza caminharam em sentidos opostos em abril. O componente de m\u00eddia caiu 8,3 pontos, para 113,6 pontos, menor n\u00edvel desde fevereiro de 2020 (113 pts). A queda deste componente contribui negativamente em 7,2 pontos para o \u00edndice agregado. \u201cJ\u00e1 o componente de expectativas, que mede a dispers\u00e3o nas previs\u00f5es de especialistas para vari\u00e1veis macroecon\u00f4micas, subiu 3,8 pontos, para 114 pontos, contribuindo positivamente em 0,8 ponto para a evolu\u00e7\u00e3o na margem do IIE-Br\u201d, informou a FGV.<\/p>\n<p>\u201cA tend\u00eancia do IIE-Br para os pr\u00f3ximos meses depender\u00e1 da continuidade da sensa\u00e7\u00e3o de retorno \u00e0 normalidade pr\u00e9-pandemia e dos desdobramentos das tens\u00f5es geopol\u00edticas. Seguir\u00e3o tamb\u00e9m no radar nos pr\u00f3ximos meses fatores como a infla\u00e7\u00e3o e as elei\u00e7\u00f5es presidenciais\u201d, afirmou Anna Carolina.<\/p>\n<p>De acordo com a economista, a alta do componente de Expectativa foi motivada pelo aumento da dispers\u00e3o das previs\u00f5es dos especialistas de mercado para a infla\u00e7\u00e3o e o c\u00e2mbio.<\/p>\n<p>\u201cA pol\u00edtica monet\u00e1ria do Banco Central de alta dos juros tem sinalizado fortemente seu objetivo em conter a infla\u00e7\u00e3o, por\u00e9m a alta dos pre\u00e7os mundiais, motivada pela pandemia e intensificada pela guerra na Ucr\u00e2nia, pode ter influenciado na maior heterogeneidade das previs\u00f5es no horizonte de 12 meses. O cen\u00e1rio externo, com temas como o conflito na Ucr\u00e2nia, e a pol\u00edtica monet\u00e1ria dos Estados Unidos, tamb\u00e9m podem estar influenciando na maior dispers\u00e3o das previs\u00f5es do c\u00e2mbio.&#8221;<\/p>\n<p>Fonte: Ag\u00eancia Brasil<\/p>\n","protected":false},"excerpt":{"rendered":"<p>O Indicador de Incerteza da Economia (IIE-Br) recuou 6,4 pontos em abril para 114,9 pontos (pts), menor n\u00edvel desde janeiro de 2020 (112,9 pts), per\u00edodo anterior \u00e0 pandemia de covid-19 no pa\u00eds. O \u00edndice foi divulgado hoje (29) pelo Instituto Brasileiro de Economia da Funda\u00e7\u00e3o Getulio Vargas (Ibre\/FGV). Segundo a economista do Ibre\/FGV, Anna Carolina [&hellip;]<\/p>\n","protected":false},"author":246,"featured_media":198234,"comment_status":"closed","ping_status":"closed","sticky":false,"template":"","format":"standard","meta":{"footnotes":""},"categories":[436,261,439],"tags":[],"class_list":["post-198233","post","type-post","status-publish","format-standard","has-post-thumbnail","hentry","category-destaque-da-semana","category-economia","category-ultima-hora"],"_links":{"self":[{"href":"https:\/\/diarioregionaldigital.com.br\/index.php?rest_route=\/wp\/v2\/posts\/198233","targetHints":{"allow":["GET"]}}],"collection":[{"href":"https:\/\/diarioregionaldigital.com.br\/index.php?rest_route=\/wp\/v2\/posts"}],"about":[{"href":"https:\/\/diarioregionaldigital.com.br\/index.php?rest_route=\/wp\/v2\/types\/post"}],"author":[{"embeddable":true,"href":"https:\/\/diarioregionaldigital.com.br\/index.php?rest_route=\/wp\/v2\/users\/246"}],"replies":[{"embeddable":true,"href":"https:\/\/diarioregionaldigital.com.br\/index.php?rest_route=%2Fwp%2Fv2%2Fcomments&post=198233"}],"version-history":[{"count":1,"href":"https:\/\/diarioregionaldigital.com.br\/index.php?rest_route=\/wp\/v2\/posts\/198233\/revisions"}],"predecessor-version":[{"id":198235,"href":"https:\/\/diarioregionaldigital.com.br\/index.php?rest_route=\/wp\/v2\/posts\/198233\/revisions\/198235"}],"wp:featuredmedia":[{"embeddable":true,"href":"https:\/\/diarioregionaldigital.com.br\/index.php?rest_route=\/wp\/v2\/media\/198234"}],"wp:attachment":[{"href":"https:\/\/diarioregionaldigital.com.br\/index.php?rest_route=%2Fwp%2Fv2%2Fmedia&parent=198233"}],"wp:term":[{"taxonomy":"category","embeddable":true,"href":"https:\/\/diarioregionaldigital.com.br\/index.php?rest_route=%2Fwp%2Fv2%2Fcategories&post=198233"},{"taxonomy":"post_tag","embeddable":true,"href":"https:\/\/diarioregionaldigital.com.br\/index.php?rest_route=%2Fwp%2Fv2%2Ftags&post=198233"}],"curies":[{"name":"wp","href":"https:\/\/api.w.org\/{rel}","templated":true}]}}