{"id":198225,"date":"2022-04-29T13:13:24","date_gmt":"2022-04-29T16:13:24","guid":{"rendered":"https:\/\/diarioregionaldigital.com.br\/?p=198225"},"modified":"2022-04-29T13:13:24","modified_gmt":"2022-04-29T16:13:24","slug":"policia-militar-prende-apreende-envolvidos-e-materiais-relacionados-ao-trafico-de-drogas-bairro-nossa-senhora-aparecida","status":"publish","type":"post","link":"https:\/\/diarioregionaldigital.com.br\/?p=198225","title":{"rendered":"Pol\u00edcia Militar prende\/apreende envolvidos e materiais relacionados ao tr\u00e1fico de drogas bairro Nossa Senhora Aparecida"},"content":{"rendered":"<p>No dia 28abr22 por volta das 22h33min a Pol\u00edcia Militar deslocou at\u00e9 a Rua Idelfonso Teixeira Macedo no bairro Nossa Senhora Aparecida para verifica\u00e7\u00e3o de den\u00fancia referente ao tr\u00e1fico de drogas. No local, realizado o cerco policial um adolescente infrator de 14 anos foi abordado tendo sido localizada com ele uma arma de fogo municiada. Em continuidade \u00e0s dilig\u00eancias e abordagem a outros dois envolvidos mais materiais relacionados ao crime foram encontrados. Ao todo foram apreendidos: 13 pedras de Crack, R$ 678,00 em dinheiro, 12 cartuchos cal.38, 01 muni\u00e7\u00e3o cal.38 deflagrada, 01 capa de colete, 05 aparelhos celulares, materiais para embrulhar a droga, 01 rev\u00f3lver cal.38 e 01 rev\u00f3lver cal.32. Dois autores (18 e 31 anos) foram presos e o menor infrator apreendido.<\/p>\n","protected":false},"excerpt":{"rendered":"<p>No dia 28abr22 por volta das 22h33min a Pol\u00edcia Militar deslocou at\u00e9 a Rua Idelfonso Teixeira Macedo no bairro Nossa Senhora Aparecida para verifica\u00e7\u00e3o de den\u00fancia referente ao tr\u00e1fico de drogas. No local, realizado o cerco policial um adolescente infrator de 14 anos foi abordado tendo sido localizada com ele uma arma de fogo municiada. [&hellip;]<\/p>\n","protected":false},"author":246,"featured_media":198227,"comment_status":"closed","ping_status":"closed","sticky":false,"template":"","format":"standard","meta":{"footnotes":""},"categories":[301,436,439],"tags":[],"class_list":["post-198225","post","type-post","status-publish","format-standard","has-post-thumbnail","hentry","category-artigos-policiais","category-destaque-da-semana","category-ultima-hora"],"_links":{"self":[{"href":"https:\/\/diarioregionaldigital.com.br\/index.php?rest_route=\/wp\/v2\/posts\/198225","targetHints":{"allow":["GET"]}}],"collection":[{"href":"https:\/\/diarioregionaldigital.com.br\/index.php?rest_route=\/wp\/v2\/posts"}],"about":[{"href":"https:\/\/diarioregionaldigital.com.br\/index.php?rest_route=\/wp\/v2\/types\/post"}],"author":[{"embeddable":true,"href":"https:\/\/diarioregionaldigital.com.br\/index.php?rest_route=\/wp\/v2\/users\/246"}],"replies":[{"embeddable":true,"href":"https:\/\/diarioregionaldigital.com.br\/index.php?rest_route=%2Fwp%2Fv2%2Fcomments&post=198225"}],"version-history":[{"count":1,"href":"https:\/\/diarioregionaldigital.com.br\/index.php?rest_route=\/wp\/v2\/posts\/198225\/revisions"}],"predecessor-version":[{"id":198228,"href":"https:\/\/diarioregionaldigital.com.br\/index.php?rest_route=\/wp\/v2\/posts\/198225\/revisions\/198228"}],"wp:featuredmedia":[{"embeddable":true,"href":"https:\/\/diarioregionaldigital.com.br\/index.php?rest_route=\/wp\/v2\/media\/198227"}],"wp:attachment":[{"href":"https:\/\/diarioregionaldigital.com.br\/index.php?rest_route=%2Fwp%2Fv2%2Fmedia&parent=198225"}],"wp:term":[{"taxonomy":"category","embeddable":true,"href":"https:\/\/diarioregionaldigital.com.br\/index.php?rest_route=%2Fwp%2Fv2%2Fcategories&post=198225"},{"taxonomy":"post_tag","embeddable":true,"href":"https:\/\/diarioregionaldigital.com.br\/index.php?rest_route=%2Fwp%2Fv2%2Ftags&post=198225"}],"curies":[{"name":"wp","href":"https:\/\/api.w.org\/{rel}","templated":true}]}}